{"id":301313,"date":"2021-11-20T12:20:18","date_gmt":"2021-11-20T11:20:18","guid":{"rendered":"https:\/\/www.radioluna.it\/news\/?p=301313"},"modified":"2021-11-22T18:48:00","modified_gmt":"2021-11-22T17:48:00","slug":"in-parco-san-marco-tornano-i-sette-alberi-espiantati-per-fare-posto-al-parcheggio","status":"publish","type":"post","link":"https:\/\/www.radioluna.it\/news\/2021\/11\/in-parco-san-marco-tornano-i-sette-alberi-espiantati-per-fare-posto-al-parcheggio\/","title":{"rendered":"In parco San Marco tornano i sette alberi espiantati per fare posto al parcheggio"},"content":{"rendered":"<div id=\"fb-root\"><\/div>\n<p style=\"text-align: justify;\"><strong>LATINA &#8211;<\/strong> Erano stati rimossi per \u00a0consentire la realizzazione del nuovo parcheggio di Via Porfiri ora, per sette alberi, \u00e8 il momento di tornare nel loro ambiente. Marted\u00ec prossimo, 23 novembre, il Comune di Latina celebrer\u00e0 cos\u00ec anche la Festa dell\u2019Albero 2021. Alle ore 9.00 al parco San Marco verranno ripiantumati i sette alberi da frutto che nel frattempo erano stati invasati dai giardinieri del Comune che se ne sono presi cura. L&#8217;area \u00e8 stata individuata dal tecnico forestale e cos\u00ec pure il periodo pi\u00f9 idoneo (in estate quando erano in corso i lavori, il caldo eccessivo lo sconsigliava).<br \/>\nSaranno presenti il Sindaco Damiano Coletta, l\u2019Assessore al Verde Pubblico Dario Bellini, una rappresentanza delle scuole che aderiscono al circuito Eco-Schools e l\u2019associazione \u201cLibero Orto\u201d che negli anni scorsi che aveva donato le essenze mettendole a dimora nell&#8217;area dove poi \u00e8 sorto il parcheggio.<\/p>\n","protected":false},"excerpt":{"rendered":"<p>LATINA &#8211; Erano stati rimossi per \u00a0consentire la realizzazione del nuovo parcheggio di Via Porfiri ora, per sette alberi, \u00e8 il momento di tornare nel loro ambiente. Marted\u00ec prossimo, 23 novembre, il Comune di Latina celebrer\u00e0 cos\u00ec anche la Festa dell\u2019Albero 2021. Alle ore 9.00 al parco San Marco verranno ripiantumati i sette alberi da [&hellip;]<\/p>\n","protected":false},"author":62,"featured_media":286623,"comment_status":"open","ping_status":"open","sticky":false,"template":"","format":"standard","meta":{"footnotes":""},"categories":[12],"tags":[],"class_list":["post-301313","post","type-post","status-publish","format-standard","has-post-thumbnail","hentry","category-ambiente"],"_links":{"self":[{"href":"https:\/\/www.radioluna.it\/news\/wp-json\/wp\/v2\/posts\/301313","targetHints":{"allow":["GET"]}}],"collection":[{"href":"https:\/\/www.radioluna.it\/news\/wp-json\/wp\/v2\/posts"}],"about":[{"href":"https:\/\/www.radioluna.it\/news\/wp-json\/wp\/v2\/types\/post"}],"author":[{"embeddable":true,"href":"https:\/\/www.radioluna.it\/news\/wp-json\/wp\/v2\/users\/62"}],"replies":[{"embeddable":true,"href":"https:\/\/www.radioluna.it\/news\/wp-json\/wp\/v2\/comments?post=301313"}],"version-history":[{"count":0,"href":"https:\/\/www.radioluna.it\/news\/wp-json\/wp\/v2\/posts\/301313\/revisions"}],"wp:featuredmedia":[{"embeddable":true,"href":"https:\/\/www.radioluna.it\/news\/wp-json\/wp\/v2\/media\/286623"}],"wp:attachment":[{"href":"https:\/\/www.radioluna.it\/news\/wp-json\/wp\/v2\/media?parent=301313"}],"wp:term":[{"taxonomy":"category","embeddable":true,"href":"https:\/\/www.radioluna.it\/news\/wp-json\/wp\/v2\/categories?post=301313"},{"taxonomy":"post_tag","embeddable":true,"href":"https:\/\/www.radioluna.it\/news\/wp-json\/wp\/v2\/tags?post=301313"}],"curies":[{"name":"wp","href":"https:\/\/api.w.org\/{rel}","templated":true}]}}