{"id":301541,"date":"2021-11-25T19:53:06","date_gmt":"2021-11-25T18:53:06","guid":{"rendered":"https:\/\/www.radioluna.it\/news\/?p=301541"},"modified":"2021-11-25T19:53:34","modified_gmt":"2021-11-25T18:53:34","slug":"giornata-contro-la-violenza-sulle-donne-lintervento-di-leodori-nel-consiglio-regionale","status":"publish","type":"post","link":"https:\/\/www.radioluna.it\/news\/2021\/11\/giornata-contro-la-violenza-sulle-donne-lintervento-di-leodori-nel-consiglio-regionale\/","title":{"rendered":"Giornata contro la violenza sulle donne, l&#8217;intervento di Leodori nel Consiglio Regionale"},"content":{"rendered":"<div id=\"fb-root\"><\/div>\n<p style=\"text-align: justify;\">\u201cNon solo in occasione della Giornata Internazionale contro la violenza sulle donne, ma sono convinto che, e lo dico senza nessuna retorica, dobbiamo farci portatori della cultura del rispetto ogni giorno, attraverso linguaggio e comportamenti. La violenza sulle donne \u00e8 un fenomeno odioso, una pianta maligna da estirpare\u201d, cos\u00ec il Vice Presidente della Regione Lazio, Daniele Leodori nel corso dell\u2019evento promosso in occasione della Giornata internazionale contro la violenza sulle donne nella Sala Mechelli del Consiglio regionale del Lazio.<\/p>\n<p style=\"text-align: justify;\">\u201cAnche su questo tema la Regione Lazio c\u2019\u00e8. Gi\u00e0 nel 2014 il Consiglio aveva approvato una legge dal forte valore, simbolico e pratico, che semplificava i testi presenti in materia e recepiva i princ\u00ecpi sanciti dalla Convenzione di Istanbul. Ma non ci siamo fermati qui. Abbiamo istituito l\u2019Osservatorio regionale sulle pari opportunit\u00e0 e la violenza sulle donne, contro ogni stereotipo negativo e per la promozione della cultura della parit\u00e0 di genere. Abbiamo promosso la nascita di una Cabina di regia ad hoc per promuovere la rete regionale di antiviolenza insieme alle diverse reti locali, le istituzioni, i centri antiviolenza e le associazioni impegnate su questo fronte. Abbiamo lanciato bandi per finanziare progetti di prevenzione e contrasto alla violenza sulle donne, rivolgendoci a scuole, associazioni di promozione sociale e organizzazioni di volontariato e rafforzato il sostegno alla rete di centri antiviolenza, case rifugio e case di semi autonomia, con l\u2019obiettivo di avere pres\u00ecdi fissi di ascolto e accoglienza su tutto il territorio regionale, anche nelle zone pi\u00f9 periferiche \u2013 ha aggiunto Leodori nel corso del suo intervento &#8211; E poche settimane fa abbiamo rifinanziato con 1 milione e 875 mila euro il Fondo per il contrasto alla violenza di genere e per la promozione delle pari opportunit\u00e0, istituito proprio con la legge regionale 4\/2014 e destinato alla prevenzione, alla protezione e al sostegno delle vittime, ma anche alla divulgazione della cultura del rispetto e della non violenza, e questo a partire dalle giovani generazioni\u201d.<\/p>\n<p style=\"text-align: justify;\">\u201cAlla base della violenza c\u2019\u00e8 un approccio culturale difficile da sradicare, basato sul possesso e sulla sopraffazione, ma sappiamo anche che non possiamo rassegnarci o fermarci all\u2019indignazione. Fondamentale diventa educare i pi\u00f9 giovani al rispetto delle differenze, ma puntare anche sull\u2019empowerment, come dimostrano le diverse edizioni del bando Donna Forza 8 per promuovere l\u2019imprenditoria femminile. E anche su questo fronte ha promosso diverse iniziative: il progetto Io Non Odio, il premio intitolato alla memoria di Donatella Colasanti e Rosaria Lopez e PARI, percorso gioco educativo presso Explora (Museo dei Bambini di Roma). Politiche e strumenti messi in campo dalla Regione Lazio nascono da un lavoro di squadra, nel quale proprio le donne sono state protagoniste: mi riferisco alla Cabina di regia regionale presieduta da Cecilia D\u2019Elia, alla Commissione consiliare presieduta da Eleonora Mattia, a tutte le consigliere che hanno contribuito e partecipato e naturalmente all\u2019Assessora alle Pari Opportunit\u00e0 Enrica Onorati. Il metodo del confronto e una forte sinergia rappresentano il modus operandi di questa amministrazione da sempre, la nostra ambizione \u00e8 quella di avere una regione non solo pi\u00f9 innovativa e competitiva dal punto di vista economico ma anche pi\u00f9 inclusiva, in cui nessuno resti solo, soprattutto chi ha maggiore bisogno o vive situazione di disagio. Un percorso forse ancora lungo, ma nel quale iniziamo a intravedere con speranza i primi, confortanti risultati. Per questo ringrazio ancora una volta tutte le realt\u00e0 che sono rappresentate qui oggi, alle quali ribadisco che vogliamo continuare su questa strada, consapevoli della difficolt\u00e0 del compito che ci aspetta ma convinti che insieme, facendo squadra, possiamo costruire oggi quel cambiamento che vedremo domani\u201d, ha concludo il Vice Presidente della regione Lazio.<\/p>\n","protected":false},"excerpt":{"rendered":"<p>\u201cNon solo in occasione della Giornata Internazionale contro la violenza sulle donne, ma sono convinto che, e lo dico senza nessuna retorica, dobbiamo farci portatori della cultura del rispetto ogni giorno, attraverso linguaggio e comportamenti. La violenza sulle donne \u00e8 un fenomeno odioso, una pianta maligna da estirpare\u201d, cos\u00ec il Vice Presidente della Regione Lazio, [&hellip;]<\/p>\n","protected":false},"author":60,"featured_media":134481,"comment_status":"open","ping_status":"open","sticky":false,"template":"","format":"standard","meta":{"footnotes":""},"categories":[8],"tags":[],"class_list":["post-301541","post","type-post","status-publish","format-standard","has-post-thumbnail","hentry","category-politica"],"_links":{"self":[{"href":"https:\/\/www.radioluna.it\/news\/wp-json\/wp\/v2\/posts\/301541","targetHints":{"allow":["GET"]}}],"collection":[{"href":"https:\/\/www.radioluna.it\/news\/wp-json\/wp\/v2\/posts"}],"about":[{"href":"https:\/\/www.radioluna.it\/news\/wp-json\/wp\/v2\/types\/post"}],"author":[{"embeddable":true,"href":"https:\/\/www.radioluna.it\/news\/wp-json\/wp\/v2\/users\/60"}],"replies":[{"embeddable":true,"href":"https:\/\/www.radioluna.it\/news\/wp-json\/wp\/v2\/comments?post=301541"}],"version-history":[{"count":0,"href":"https:\/\/www.radioluna.it\/news\/wp-json\/wp\/v2\/posts\/301541\/revisions"}],"wp:featuredmedia":[{"embeddable":true,"href":"https:\/\/www.radioluna.it\/news\/wp-json\/wp\/v2\/media\/134481"}],"wp:attachment":[{"href":"https:\/\/www.radioluna.it\/news\/wp-json\/wp\/v2\/media?parent=301541"}],"wp:term":[{"taxonomy":"category","embeddable":true,"href":"https:\/\/www.radioluna.it\/news\/wp-json\/wp\/v2\/categories?post=301541"},{"taxonomy":"post_tag","embeddable":true,"href":"https:\/\/www.radioluna.it\/news\/wp-json\/wp\/v2\/tags?post=301541"}],"curies":[{"name":"wp","href":"https:\/\/api.w.org\/{rel}","templated":true}]}}