{"id":301547,"date":"2021-11-25T20:05:58","date_gmt":"2021-11-25T19:05:58","guid":{"rendered":"https:\/\/www.radioluna.it\/news\/?p=301547"},"modified":"2021-11-25T20:05:58","modified_gmt":"2021-11-25T19:05:58","slug":"aprilia-progetto-paguro-no-della-regione-alla-discarica","status":"publish","type":"post","link":"https:\/\/www.radioluna.it\/news\/2021\/11\/aprilia-progetto-paguro-no-della-regione-alla-discarica\/","title":{"rendered":"Progetto Paguro, no della Regione alla discarica"},"content":{"rendered":"<div id=\"fb-root\"><\/div>\n<p style=\"text-align: justify;\"><strong>APRILIA<\/strong> &#8211; E&#8217; arrivato il no della Direzione regionale AIA al progetto di discarica della Paguro. E Amministrazione e\u00a0 Consiglio Comunale di Aprilia esprimono soddisfazione ma anche prudenza. &#8220;Sono questi i sentimenti che caratterizzano la nostra reazione alla notizia del parere negativo della Direzione Regionale AIA al progetto di discarica presentato dalla Paguro. Il secondo, dopo quello relativo al primo progetto presentato dalla societ\u00e0 e bocciato nel 2017&#8221;, si legge in una nota congiunta.<\/p>\n<p style=\"text-align: justify;\">&#8220;\u00c8 scritto nella stessa proposta presentata dalla Societ\u00e0: il progetto \u00e8 finalizzato alla bonifica del sito ed allo smaltimento in sito di rifiuti provenienti dalla bonifica per l\u2019abbancamento di sovvalli provenienti da altri siti in bonifica e da derivati da materiali residuali da TMB. Sappiamo bene che la nostra Provincia necessita di una discarica di servizio per la chiusura del ciclo dei rifiuti. Ma siamo disposti a ripeterlo fino alla nausea: questa discarica non pu\u00f2 farsi ad Aprilia che gi\u00e0 oggi ospita impianti che raccolgono rifiuti che provengono anche da fuori Provincia. Proprio in questi giorni, leggiamo della decisione dell\u2019Amministrazione Capitolina di inviare ulteriori tonnellate di rifiuti proprio qui ad Aprilia. Tutto questo non \u00e8 accettabile! Non lo era ai tempi di Virginia Raggi, non lo \u00e8 oggi con Roberto Gualtieri. Tutte queste istanze vengono rivendicate da anni dal Consiglio Comunale all\u2019unanimit\u00e0. Chiederemo lo stesso impegno per la tutela del nostro territorio al nuovo Consiglio provinciale, in procinto di essere eletto&#8221;.<\/p>\n","protected":false},"excerpt":{"rendered":"<p>APRILIA &#8211; E&#8217; arrivato il no della Direzione regionale AIA al progetto di discarica della Paguro. E Amministrazione e\u00a0 Consiglio Comunale di Aprilia esprimono soddisfazione ma anche prudenza. &#8220;Sono questi i sentimenti che caratterizzano la nostra reazione alla notizia del parere negativo della Direzione Regionale AIA al progetto di discarica presentato dalla Paguro. Il secondo, [&hellip;]<\/p>\n","protected":false},"author":60,"featured_media":127882,"comment_status":"open","ping_status":"open","sticky":false,"template":"","format":"standard","meta":{"footnotes":""},"categories":[7],"tags":[],"class_list":["post-301547","post","type-post","status-publish","format-standard","has-post-thumbnail","hentry","category-cronaca"],"_links":{"self":[{"href":"https:\/\/www.radioluna.it\/news\/wp-json\/wp\/v2\/posts\/301547","targetHints":{"allow":["GET"]}}],"collection":[{"href":"https:\/\/www.radioluna.it\/news\/wp-json\/wp\/v2\/posts"}],"about":[{"href":"https:\/\/www.radioluna.it\/news\/wp-json\/wp\/v2\/types\/post"}],"author":[{"embeddable":true,"href":"https:\/\/www.radioluna.it\/news\/wp-json\/wp\/v2\/users\/60"}],"replies":[{"embeddable":true,"href":"https:\/\/www.radioluna.it\/news\/wp-json\/wp\/v2\/comments?post=301547"}],"version-history":[{"count":0,"href":"https:\/\/www.radioluna.it\/news\/wp-json\/wp\/v2\/posts\/301547\/revisions"}],"wp:featuredmedia":[{"embeddable":true,"href":"https:\/\/www.radioluna.it\/news\/wp-json\/wp\/v2\/media\/127882"}],"wp:attachment":[{"href":"https:\/\/www.radioluna.it\/news\/wp-json\/wp\/v2\/media?parent=301547"}],"wp:term":[{"taxonomy":"category","embeddable":true,"href":"https:\/\/www.radioluna.it\/news\/wp-json\/wp\/v2\/categories?post=301547"},{"taxonomy":"post_tag","embeddable":true,"href":"https:\/\/www.radioluna.it\/news\/wp-json\/wp\/v2\/tags?post=301547"}],"curies":[{"name":"wp","href":"https:\/\/api.w.org\/{rel}","templated":true}]}}