{"id":301607,"date":"2021-11-27T07:19:02","date_gmt":"2021-11-27T06:19:02","guid":{"rendered":"https:\/\/www.radioluna.it\/news\/?p=301607"},"modified":"2021-11-27T15:48:03","modified_gmt":"2021-11-27T14:48:03","slug":"gerardo-stefanelli-ufficializza-la-sua-candidatura-a-presidente-della-provincia-e-tempo-di-un-nuovo-inizio","status":"publish","type":"post","link":"https:\/\/www.radioluna.it\/news\/2021\/11\/gerardo-stefanelli-ufficializza-la-sua-candidatura-a-presidente-della-provincia-e-tempo-di-un-nuovo-inizio\/","title":{"rendered":"Gerardo Stefanelli ufficializza la candidatura a Presidente della Provincia: &#8220;E&#8217; tempo di un nuovo inizio&#8221;"},"content":{"rendered":"<div id=\"fb-root\"><\/div>\n<p style=\"text-align: justify;\"><strong>MINTURNO<\/strong> &#8211; Ha scelto una foto &#8220;in rosa&#8221; e di indossare il fiocco che rappresenta l&#8217;impegno nella prevenzione del cancro al seno, il sindaco di Minturno Gerardo Stefanelli per scrivere il suo primo intervento da Presidente della Provincia in pectore. Un modo per raccontarsi anche oltre l&#8217;impegno politico ora che \u00e8 ufficialmente candidato alla carica, sostenuto da Pd, Forza Italia e Liste Civiche. &#8220;E&#8217; tempo di un nuovo inizio&#8221;, afferma in una lettera aperta diffusa attraverso i social ringraziando per il sostegno Claudio Fazzone e tutta Forza Italia, Salvatore La Penna, Enrico Forte e tutto il Pd, e i Sindaci e amministratori delle liste civiche, tra cui i Sindaci che amministrano le due citt\u00e0 pi\u00f9 grandi, Latina e Aprilia. La decisione arriva dopo che \u00e8 cominciato da poco, con una vittoria schiacciante al primo turno delle ultime Amministrative,\u00a0 il suo secondo mandato da primo cittadino della citt\u00e0 del sud pontino.<\/p>\n<p style=\"text-align: justify;\">&#8220;La mia candidatura, per la quale li ringrazio, esprime non un accordo tra partiti, ma un progetto, un\u2019idea, un obiettivo comune: rilanciare la provincia, intercettando la crescita economica nazionale che ci si aspetta nei prossimi anni &#8211; spiega &#8211; Un progetto, che in quanto comune e trasversale, rimane aperto a tutti quelli che vorranno condividerlo insieme a noi. A causa della pandemia abbiamo vissuto anni difficili, il nostro impegno sar\u00e0 quello di restituire fiducia a cittadini, famiglie, imprese e lavoratori non con le parole, ma con i fatti&#8221;,\u00a0 prosegue Stefanelli assicurando: &#8220;Lavoreremo in squadra per una provincia che costruisca il futuro partendo dai valori del presente, occupandosi dei propri giovani, avviando una riflessione partecipata su una riorganizzazione dell\u2019offerta formativa che prenda atto dei cambiamenti epocali della societ\u00e0, riprendendo ad investire fortemente sull\u2019edilizia scolastica, ponendo la formazione in costante simbiosi con il mondo produttivo, avvicinando i giovani alle imprese. Affronteremo il tema dei rifiuti, con l\u2019obiettivo di non gravare ancor di pi\u00f9 sulle servit\u00f9 esistenti, puntando sull\u2019innovazione tecnologica e la condivisione. Sappiamo che non basta mettere insieme tanti comuni in un\u2019amministrazione per creare una comunit\u00e0. Questa si crea con le idee e i progetti condivisi, partendo da un sentimento e da interessi comuni: si cresce solo se lo si fa tutti insieme. Questa \u00e8 la nostra idea di sviluppo, che cercheremo di realizzare con la creazione di un coordinamento provinciale di comuni, imprese, associazioni, enti pubblici e privati, universit\u00e0 per cogliere le straordinarie opportunit\u00e0 del Pnnr: per la provincia di Latina \u00e8 tempo di un nuovo inizio&#8221;.<\/p>\n<p style=\"text-align: justify;\">Nella competizione per la carica pi\u00f9 alta di Via Costa dovr\u00e0 vedersela con il sindaco di Itri Giovanni Agresti. Tra domani e luned\u00ec la presentazione delle liste con i candidati consiglieri. Poi toccher\u00e0 a sindaci e consiglieri dei comuni della provincia scegliere chi sar\u00e0 il prossimo presidente della Provincia di Latina.<\/p>\n","protected":false},"excerpt":{"rendered":"<p>MINTURNO &#8211; Ha scelto una foto &#8220;in rosa&#8221; e di indossare il fiocco che rappresenta l&#8217;impegno nella prevenzione del cancro al seno, il sindaco di Minturno Gerardo Stefanelli per scrivere il suo primo intervento da Presidente della Provincia in pectore. Un modo per raccontarsi anche oltre l&#8217;impegno politico ora che \u00e8 ufficialmente candidato alla carica, [&hellip;]<\/p>\n","protected":false},"author":62,"featured_media":301612,"comment_status":"open","ping_status":"open","sticky":false,"template":"","format":"standard","meta":{"footnotes":""},"categories":[8],"tags":[],"class_list":["post-301607","post","type-post","status-publish","format-standard","has-post-thumbnail","hentry","category-politica"],"_links":{"self":[{"href":"https:\/\/www.radioluna.it\/news\/wp-json\/wp\/v2\/posts\/301607","targetHints":{"allow":["GET"]}}],"collection":[{"href":"https:\/\/www.radioluna.it\/news\/wp-json\/wp\/v2\/posts"}],"about":[{"href":"https:\/\/www.radioluna.it\/news\/wp-json\/wp\/v2\/types\/post"}],"author":[{"embeddable":true,"href":"https:\/\/www.radioluna.it\/news\/wp-json\/wp\/v2\/users\/62"}],"replies":[{"embeddable":true,"href":"https:\/\/www.radioluna.it\/news\/wp-json\/wp\/v2\/comments?post=301607"}],"version-history":[{"count":0,"href":"https:\/\/www.radioluna.it\/news\/wp-json\/wp\/v2\/posts\/301607\/revisions"}],"wp:featuredmedia":[{"embeddable":true,"href":"https:\/\/www.radioluna.it\/news\/wp-json\/wp\/v2\/media\/301612"}],"wp:attachment":[{"href":"https:\/\/www.radioluna.it\/news\/wp-json\/wp\/v2\/media?parent=301607"}],"wp:term":[{"taxonomy":"category","embeddable":true,"href":"https:\/\/www.radioluna.it\/news\/wp-json\/wp\/v2\/categories?post=301607"},{"taxonomy":"post_tag","embeddable":true,"href":"https:\/\/www.radioluna.it\/news\/wp-json\/wp\/v2\/tags?post=301607"}],"curies":[{"name":"wp","href":"https:\/\/api.w.org\/{rel}","templated":true}]}}