{"id":301610,"date":"2021-11-27T07:28:16","date_gmt":"2021-11-27T06:28:16","guid":{"rendered":"https:\/\/www.radioluna.it\/news\/?p=301610"},"modified":"2021-11-27T07:28:16","modified_gmt":"2021-11-27T06:28:16","slug":"latina-coletta-incontra-la-consigliera-muzio-fare-latina-colmate-le-distanze","status":"publish","type":"post","link":"https:\/\/www.radioluna.it\/news\/2021\/11\/latina-coletta-incontra-la-consigliera-muzio-fare-latina-colmate-le-distanze\/","title":{"rendered":"Latina, Coletta incontra la consigliera Muzio (Fare Latina): &#8220;Colmate le distanze&#8221;"},"content":{"rendered":"<div id=\"fb-root\"><\/div>\n<p style=\"text-align: justify;\"><strong>LATINA &#8211;<\/strong> Il sindaco di Latina Damiano Coletta a distanza di qualche giorno dall&#8217;aut-aut &#8220;fatemi governare o sfiduciatemi&#8221; e dopo l&#8217;accordo raggiunto con Pd, Forza Italia e altre Civiche per la presidenza della Provincia, \u00e8 tornato ad incontrare la consigliera di Fare Latina Annalisa Muzio per quello che ha definito &#8220;un aggiornamento sui punti programmatici discussi nel corso dei precedenti colloqui&#8221;. Un incontro che si \u00e8 concluso positivamente per il primo cittadino del capoluogo costretto in questo secondo mandato a fare i conti con una maggioranza di segno opposto e a costruire equilibri che al momento non sono scontati.<\/p>\n<p style=\"text-align: justify;\">&#8220;Abbiamo dialogato in un clima estremamente cordiale sull\u2019agenda e sulle proposte avanzate anche da Fare Latina, colmando definitivamente qualche distanza e raggiungendo una unit\u00e0 di intenti sull\u2019importantissimo lavoro che, dopo l\u2019esito delle ultime elezioni, la nuova Amministrazione comunale che ho l\u2019onore e l\u2019onere di guidare, \u00e8 chiamata a fare &#8211; scrive Coletta in una nota\u00a0 &#8211; Ringrazio la Consigliera Muzio e il movimento per il senso di responsabilit\u00e0 dimostrato nel fornire la propria disponibilit\u00e0 a lavorare insieme a un programma condiviso con unico obiettivo comune: il bene della nostra citt\u00e0&#8221;.<\/p>\n<p style=\"text-align: justify;\">&#8220;\u00c8 mia intenzione\u00a0 &#8211; conclude &#8211; incontrare anche gli esponenti della coalizione di centrodestra e per questo sto programmando un incontro con loro per marted\u00ec pomeriggio, per continuare il percorso intrapreso riguardo l\u2019individuazione dei punti programmatici&#8221;.<\/p>\n","protected":false},"excerpt":{"rendered":"<p>LATINA &#8211; Il sindaco di Latina Damiano Coletta a distanza di qualche giorno dall&#8217;aut-aut &#8220;fatemi governare o sfiduciatemi&#8221; e dopo l&#8217;accordo raggiunto con Pd, Forza Italia e altre Civiche per la presidenza della Provincia, \u00e8 tornato ad incontrare la consigliera di Fare Latina Annalisa Muzio per quello che ha definito &#8220;un aggiornamento sui punti programmatici [&hellip;]<\/p>\n","protected":false},"author":62,"featured_media":277184,"comment_status":"open","ping_status":"open","sticky":false,"template":"","format":"standard","meta":{"footnotes":""},"categories":[8],"tags":[],"class_list":["post-301610","post","type-post","status-publish","format-standard","has-post-thumbnail","hentry","category-politica"],"_links":{"self":[{"href":"https:\/\/www.radioluna.it\/news\/wp-json\/wp\/v2\/posts\/301610","targetHints":{"allow":["GET"]}}],"collection":[{"href":"https:\/\/www.radioluna.it\/news\/wp-json\/wp\/v2\/posts"}],"about":[{"href":"https:\/\/www.radioluna.it\/news\/wp-json\/wp\/v2\/types\/post"}],"author":[{"embeddable":true,"href":"https:\/\/www.radioluna.it\/news\/wp-json\/wp\/v2\/users\/62"}],"replies":[{"embeddable":true,"href":"https:\/\/www.radioluna.it\/news\/wp-json\/wp\/v2\/comments?post=301610"}],"version-history":[{"count":0,"href":"https:\/\/www.radioluna.it\/news\/wp-json\/wp\/v2\/posts\/301610\/revisions"}],"wp:featuredmedia":[{"embeddable":true,"href":"https:\/\/www.radioluna.it\/news\/wp-json\/wp\/v2\/media\/277184"}],"wp:attachment":[{"href":"https:\/\/www.radioluna.it\/news\/wp-json\/wp\/v2\/media?parent=301610"}],"wp:term":[{"taxonomy":"category","embeddable":true,"href":"https:\/\/www.radioluna.it\/news\/wp-json\/wp\/v2\/categories?post=301610"},{"taxonomy":"post_tag","embeddable":true,"href":"https:\/\/www.radioluna.it\/news\/wp-json\/wp\/v2\/tags?post=301610"}],"curies":[{"name":"wp","href":"https:\/\/api.w.org\/{rel}","templated":true}]}}