{"id":301666,"date":"2021-11-29T07:10:04","date_gmt":"2021-11-29T06:10:04","guid":{"rendered":"https:\/\/www.radioluna.it\/news\/?p=301666"},"modified":"2021-11-29T07:33:50","modified_gmt":"2021-11-29T06:33:50","slug":"covid-156-nuovi-casi-a-latina-e-provincia-raddoppiano-le-prime-dosi-di-vaccino","status":"publish","type":"post","link":"https:\/\/www.radioluna.it\/news\/2021\/11\/covid-156-nuovi-casi-a-latina-e-provincia-raddoppiano-le-prime-dosi-di-vaccino\/","title":{"rendered":"Covid, 156 nuovi casi a Latina e provincia. Raddoppiano le prime dosi di vaccino"},"content":{"rendered":"<div id=\"fb-root\"><\/div>\n<p style=\"text-align: justify;\"><strong>LATINA<\/strong> &#8211; Sono stati 156 i contagi segnalati nel bollettino di domenica 28 novembre a Latina e provincia, e non ci sono stati decessi. Si \u00e8 anche registrata un&#8217;esplosione di prime dosi di vaccino contro il covid, raddoppiate rispetto ai giorni precedenti. Un solo ricovero al Goretti, ma quattro pazienti sono stati trasferiti in ospedali della rete del Lazio per mancanza di posti letto covid.<\/p>\n<p style=\"text-align: justify;\">I casi sono emersi ad Aprilia 27, Bassiano 2, Cisterna di Latina 12, Cori 5, Fondi 2, Formia 15, Gaeta 3, Itri 6, Latina 47, Lenola 3, Minturno 1, Pontinia 4, Ponza 1, Priverno 1, Roccasecca dei Volsci 3, Sabaudia 5, San Felice Circeo 5, Sermoneta 5, Sezze 2, Sonnino 1, Terracina 6.<\/p>\n<p style=\"text-align: justify;\">Le vaccinazioni sono state 2.859 nelle ultime 24 ore, ancora in salita rispetto ai giorni precedenti con la grande novit\u00e0 rappresentata dalle prime dosi che sono state 460, 472 le seconde e 1.927 dosi booster.<\/p>\n<p style=\"text-align: justify;\">Importanti novit\u00e0\u00a0 vengono comunicate dalla Asl di Latina sulla terza dose vaccino Covid che a partire da mercoled\u00ec 1\u00b0 dicembre 2021 \u00a0verr\u00e0 garantita a tutta la popolazione sopra i 18 anni. L\u2019intervallo minimo previsto per la somministrazione della dose \u2018booster\u2019 con vaccino a m-RNA, (Pfizer o Moderna, considerati sostanzialmente equivalenti) alle categorie per cui \u00e8 gi\u00e0 raccomandata e nei dosaggi autorizzati, \u00e8 aggiornato a cinque mesi (150 giorni) dal completamento del ciclo primario di vaccinazione, indipendentemente dal vaccino precedentemente utilizzato.<\/p>\n","protected":false},"excerpt":{"rendered":"<p>LATINA &#8211; Sono stati 156 i contagi segnalati nel bollettino di domenica 28 novembre a Latina e provincia, e non ci sono stati decessi. Si \u00e8 anche registrata un&#8217;esplosione di prime dosi di vaccino contro il covid, raddoppiate rispetto ai giorni precedenti. Un solo ricovero al Goretti, ma quattro pazienti sono stati trasferiti in ospedali [&hellip;]<\/p>\n","protected":false},"author":62,"featured_media":277812,"comment_status":"open","ping_status":"open","sticky":false,"template":"","format":"standard","meta":{"footnotes":""},"categories":[7,2616],"tags":[],"class_list":["post-301666","post","type-post","status-publish","format-standard","has-post-thumbnail","hentry","category-cronaca","category-sanita"],"_links":{"self":[{"href":"https:\/\/www.radioluna.it\/news\/wp-json\/wp\/v2\/posts\/301666","targetHints":{"allow":["GET"]}}],"collection":[{"href":"https:\/\/www.radioluna.it\/news\/wp-json\/wp\/v2\/posts"}],"about":[{"href":"https:\/\/www.radioluna.it\/news\/wp-json\/wp\/v2\/types\/post"}],"author":[{"embeddable":true,"href":"https:\/\/www.radioluna.it\/news\/wp-json\/wp\/v2\/users\/62"}],"replies":[{"embeddable":true,"href":"https:\/\/www.radioluna.it\/news\/wp-json\/wp\/v2\/comments?post=301666"}],"version-history":[{"count":0,"href":"https:\/\/www.radioluna.it\/news\/wp-json\/wp\/v2\/posts\/301666\/revisions"}],"wp:featuredmedia":[{"embeddable":true,"href":"https:\/\/www.radioluna.it\/news\/wp-json\/wp\/v2\/media\/277812"}],"wp:attachment":[{"href":"https:\/\/www.radioluna.it\/news\/wp-json\/wp\/v2\/media?parent=301666"}],"wp:term":[{"taxonomy":"category","embeddable":true,"href":"https:\/\/www.radioluna.it\/news\/wp-json\/wp\/v2\/categories?post=301666"},{"taxonomy":"post_tag","embeddable":true,"href":"https:\/\/www.radioluna.it\/news\/wp-json\/wp\/v2\/tags?post=301666"}],"curies":[{"name":"wp","href":"https:\/\/api.w.org\/{rel}","templated":true}]}}