{"id":301752,"date":"2021-11-30T09:46:26","date_gmt":"2021-11-30T08:46:26","guid":{"rendered":"https:\/\/www.radioluna.it\/news\/?p=301752"},"modified":"2021-12-02T05:52:59","modified_gmt":"2021-12-02T04:52:59","slug":"la-nuova-lente-smarlife-pro-da-ottica-davoli-proiettati-nel-futuro","status":"publish","type":"post","link":"https:\/\/www.radioluna.it\/news\/2021\/11\/la-nuova-lente-smarlife-pro-da-ottica-davoli-proiettati-nel-futuro\/","title":{"rendered":"La nuova lente Smarlife PRO da Ottica Davoli: proiettati nel futuro"},"content":{"rendered":"<div id=\"fb-root\"><\/div>\n<p style=\"text-align: justify;\">Non si tratta di magia, ma di una solida realt\u00e0 che ci proietta nel futuro. La nostra continua ricerca di innovazione prosegue facendo si che la nostra trasformazione continui inarrestabile.<\/p>\n<p style=\"text-align: justify;\">Il reparto laboratorio \u00e8 completamente rinnovato, l&#8217;acquisizione del nuovo macchinario di taglio delle lenti con lavorazione a secco ha ulteriormente aumentato la precisione e ha creato in noi il desiderio di &#8220;sollevare il velo&#8221; per potervi mostrare nell&#8217;effettivo il lavoro che c&#8217;\u00e8 dietro il vostro occhiale.<\/p>\n<p style=\"text-align: justify;\">Cavalcando quest&#8217;onda abbiamo pensato di mostrarvi anche la sala misurazione, grazie ad una generosa finestra che, per motivi di privacy, verr\u00e0 oscurata in automatico nel momento della misurazione. Ultimo elemento, ma non meno importante, di questa &#8220;rivoluzione a catena&#8221; \u00e8 il centratore <strong>3D VisuFit 1000<\/strong> di <strong>ZEISS<\/strong>, che ora campeggia al centro della nostra sala consulenza, testimoniando quanto la tecnologia sia il nostro fiore all&#8217;occhiello e sia il cuore della nostra filosofia di lavoro.<\/p>\n<p style=\"text-align: justify;\">Questo ci rende una realt\u00e0 unica nel suo genere. Siamo fieri infatti di essere tra i pochi in Italia a potersi fregiare del titolo di <strong>ZEISS VISION EXPERT<\/strong>, un riconoscimento che \u00e8 stato conferito a coloro che come noi hanno in sede l&#8217;intero ecosistema ZEISS, che comprende a 360\u00b0 sia la parte della misurazione che quella della centratura, consentendoci di personalizzare al massimo la vostra lente.<\/p>\n<p style=\"text-align: justify;\">A proposito di lenti siamo lieti di presentarvi la nuova lente <a href=\"https:\/\/www.facebook.com\/OtticaDavoliLatina\/\" target=\"_blank\" rel=\"noopener\"><strong>SmartLife PRO<\/strong><\/a>, che rappresenta un miglioramento in maniera trasversale della gi\u00e0 performante lente SmartLife, la variante PRO si arricchisce di parametri individuali che non riguardano solamente la parte anatomica del paziente, ma anche la parte fisiologica, come per esempio l&#8217;apertura pupillare.<\/p>\n<p style=\"text-align: justify;\">Abbiamo inoltre ampliato la nostra gamma di montature personalizzabili made in Italy, che adesso comprende 200 modelli e 400 colori. Tutto questo per offrire a chi \u00e8 attento alla qualit\u00e0 e al comfort visivo, il pi\u00f9 alto grado di soddisfazione.<\/p>\n<p style=\"text-align: justify;\">Vi aspettiamo da <a href=\"https:\/\/www.facebook.com\/OtticaDavoliLatina\/\" target=\"_blank\" rel=\"noopener\"><strong>Ottica Davoli<\/strong><\/a>, per avere un assaggio di quella che \u00e8 la nostra personale prospettiva sul futuro.<\/p>\n","protected":false},"excerpt":{"rendered":"<p>Non si tratta di magia, ma di una solida realt\u00e0 che ci proietta nel futuro. La nostra continua ricerca di innovazione prosegue facendo si che la nostra trasformazione continui inarrestabile. Il reparto laboratorio \u00e8 completamente rinnovato, l&#8217;acquisizione del nuovo macchinario di taglio delle lenti con lavorazione a secco ha ulteriormente aumentato la precisione e ha [&hellip;]<\/p>\n","protected":false},"author":5417,"featured_media":301753,"comment_status":"open","ping_status":"open","sticky":false,"template":"","format":"standard","meta":{"footnotes":""},"categories":[2375],"tags":[],"class_list":["post-301752","post","type-post","status-publish","format-standard","has-post-thumbnail","hentry","category-messaggio-promozionale"],"_links":{"self":[{"href":"https:\/\/www.radioluna.it\/news\/wp-json\/wp\/v2\/posts\/301752","targetHints":{"allow":["GET"]}}],"collection":[{"href":"https:\/\/www.radioluna.it\/news\/wp-json\/wp\/v2\/posts"}],"about":[{"href":"https:\/\/www.radioluna.it\/news\/wp-json\/wp\/v2\/types\/post"}],"author":[{"embeddable":true,"href":"https:\/\/www.radioluna.it\/news\/wp-json\/wp\/v2\/users\/5417"}],"replies":[{"embeddable":true,"href":"https:\/\/www.radioluna.it\/news\/wp-json\/wp\/v2\/comments?post=301752"}],"version-history":[{"count":0,"href":"https:\/\/www.radioluna.it\/news\/wp-json\/wp\/v2\/posts\/301752\/revisions"}],"wp:featuredmedia":[{"embeddable":true,"href":"https:\/\/www.radioluna.it\/news\/wp-json\/wp\/v2\/media\/301753"}],"wp:attachment":[{"href":"https:\/\/www.radioluna.it\/news\/wp-json\/wp\/v2\/media?parent=301752"}],"wp:term":[{"taxonomy":"category","embeddable":true,"href":"https:\/\/www.radioluna.it\/news\/wp-json\/wp\/v2\/categories?post=301752"},{"taxonomy":"post_tag","embeddable":true,"href":"https:\/\/www.radioluna.it\/news\/wp-json\/wp\/v2\/tags?post=301752"}],"curies":[{"name":"wp","href":"https:\/\/api.w.org\/{rel}","templated":true}]}}