{"id":301989,"date":"2021-12-02T13:37:51","date_gmt":"2021-12-02T12:37:51","guid":{"rendered":"https:\/\/www.radioluna.it\/news\/?p=301989"},"modified":"2021-12-03T09:42:24","modified_gmt":"2021-12-03T08:42:24","slug":"nel-lazio-via-alla-vaccinazione-covid-pediatrica-prenotazioni-dal-13-dicembre","status":"publish","type":"post","link":"https:\/\/www.radioluna.it\/news\/2021\/12\/nel-lazio-via-alla-vaccinazione-covid-pediatrica-prenotazioni-dal-13-dicembre\/","title":{"rendered":"Nel Lazio via alla vaccinazione covid pediatrica: prenotazioni dal 13 dicembre"},"content":{"rendered":"<div id=\"fb-root\"><\/div>\n<p style=\"text-align: justify;\"><strong>LATINA<\/strong> &#8211; Dopo l&#8217;ok dell&#8217;Aifa, il Lazio \u00e8 pronto a partire con la vaccinazione pediatrica contro il covid e le prenotazioni partiranno dal 13 di dicembre. Lo ha annunciato l&#8217;assessore regionale alla sanit\u00e0 Alessio D&#8217;Amato lanciando la campagna \u2018E adesso s\u00ec che possiamo giocare liberamente\u2019.<\/p>\n<p style=\"text-align: justify;\">Si potranno prenotare le vaccinazioni sul portale regionale (<a href=\"https:\/\/prenotavaccino-covid.regione.lazio.it\/main\/hom\">https:\/\/prenotavaccino-covid.regione.lazio.it\/main\/hom<\/a>e) in una apposita sezione rappresentata dal logo disegnato da due bambini Chiara e Valerio dell\u2019Ospedale Pediatrico Bambino Ges\u00f9 di Roma.<\/p>\n<p style=\"text-align: justify;\">&#8220;Per prenotarsi in uno dei 78 hub dedicati\u00a0 &#8211; ha spiegato l&#8217;assessore &#8211; baster\u00e0 che i genitori inseriscano i dati della tessera sanitaria. La campagna verr\u00e0 accompagnata da una intensa attivit\u00e0 di comunicazione. Sui canali social di \u2018SaluteLazio\u2019 verranno messe a disposizione le 13 FAQ preparate dall\u2019Ospedale pediatrico Bambino Ges\u00f9 in collaborazione con le societ\u00e0 scientifiche di pediatria. La campagna si articoler\u00e0 anche con dirette Facebook con gli esperti e con dei video esplicativi. Il nostro obiettivo \u00e8 mettere le famiglie nelle massime condizioni di serenit\u00e0 e con il maggior livello di informazione scientifica disponibile, affinch\u00e9 possano far svolgere le vaccinazioni in assoluta tranquillit\u00e0&#8221;.<\/p>\n<p style=\"text-align: justify;\"><strong>A LATINA &#8211;<\/strong> Per la provincia di Latina gli hub saranno presso gli ospedali che sono dotati di servizio pediatrico\/materno-infantile e dunque il Goretti a Latina, il San Giovanni di Dio a Fondi e l&#8217;ospedale Dono Svizzero a Formia. Ci si potr\u00e0 prenotare &#8211; ha spiegato la manager della Asl Silvia Cavalli anche presso i pediatri di libera scelta che aderiscono.\u00a0 La Asl sta organizzando postazioni con medici-clown e preparando un diplomino da consegnare ai bambini.<\/p>\n<div class=\"radio-posizionamento-telefono-in-articoli-dopo-il-contenuto-articolo radio-entity-placement\" id=\"radio-1182927411\"><div id=\"radio-1280985240\"><a href=\"https:\/\/www.simeoneceramiche.com\/\" aria-label=\"SIMEONE CERAMICHE GIF animata per radioluna_Tavola disegno 1 copia 2 (online-video-cutter.com)\"><img loading=\"lazy\" decoding=\"async\" src=\"https:\/\/www.radioluna.it\/news\/wp-content\/uploads\/2025\/05\/SIMEONE-CERAMICHE-GIF-animata-per-radioluna_Tavola-disegno-1-copia-2-online-video-cutter.com_.gif\" alt=\"\"  width=\"300\" height=\"250\"   \/><\/a><\/div><\/div>","protected":false},"excerpt":{"rendered":"<p>LATINA &#8211; Dopo l&#8217;ok dell&#8217;Aifa, il Lazio \u00e8 pronto a partire con la vaccinazione pediatrica contro il covid e le prenotazioni partiranno dal 13 di dicembre. Lo ha annunciato l&#8217;assessore regionale alla sanit\u00e0 Alessio D&#8217;Amato lanciando la campagna \u2018E adesso s\u00ec che possiamo giocare liberamente\u2019. Si potranno prenotare le vaccinazioni sul portale regionale (https:\/\/prenotavaccino-covid.regione.lazio.it\/main\/home) in [&hellip;]<\/p>\n","protected":false},"author":62,"featured_media":301990,"comment_status":"open","ping_status":"open","sticky":false,"template":"","format":"standard","meta":{"footnotes":""},"categories":[735,2616],"tags":[],"class_list":["post-301989","post","type-post","status-publish","format-standard","has-post-thumbnail","hentry","category-attualita","category-sanita"],"_links":{"self":[{"href":"https:\/\/www.radioluna.it\/news\/wp-json\/wp\/v2\/posts\/301989","targetHints":{"allow":["GET"]}}],"collection":[{"href":"https:\/\/www.radioluna.it\/news\/wp-json\/wp\/v2\/posts"}],"about":[{"href":"https:\/\/www.radioluna.it\/news\/wp-json\/wp\/v2\/types\/post"}],"author":[{"embeddable":true,"href":"https:\/\/www.radioluna.it\/news\/wp-json\/wp\/v2\/users\/62"}],"replies":[{"embeddable":true,"href":"https:\/\/www.radioluna.it\/news\/wp-json\/wp\/v2\/comments?post=301989"}],"version-history":[{"count":0,"href":"https:\/\/www.radioluna.it\/news\/wp-json\/wp\/v2\/posts\/301989\/revisions"}],"wp:featuredmedia":[{"embeddable":true,"href":"https:\/\/www.radioluna.it\/news\/wp-json\/wp\/v2\/media\/301990"}],"wp:attachment":[{"href":"https:\/\/www.radioluna.it\/news\/wp-json\/wp\/v2\/media?parent=301989"}],"wp:term":[{"taxonomy":"category","embeddable":true,"href":"https:\/\/www.radioluna.it\/news\/wp-json\/wp\/v2\/categories?post=301989"},{"taxonomy":"post_tag","embeddable":true,"href":"https:\/\/www.radioluna.it\/news\/wp-json\/wp\/v2\/tags?post=301989"}],"curies":[{"name":"wp","href":"https:\/\/api.w.org\/{rel}","templated":true}]}}