{"id":301995,"date":"2021-12-02T14:08:56","date_gmt":"2021-12-02T13:08:56","guid":{"rendered":"https:\/\/www.radioluna.it\/news\/?p=301995"},"modified":"2021-12-02T14:25:01","modified_gmt":"2021-12-02T13:25:01","slug":"rifiuti-provincia-di-latina-commissariata-la-lega-insorge-perche-roma-no","status":"publish","type":"post","link":"https:\/\/www.radioluna.it\/news\/2021\/12\/rifiuti-provincia-di-latina-commissariata-la-lega-insorge-perche-roma-no\/","title":{"rendered":"Rifiuti, provincia di Latina commissariata, la Lega insorge: &#8220;Perch\u00e9 Roma no?&#8221;"},"content":{"rendered":"<div id=\"fb-root\"><\/div>\n<p style=\"text-align: justify;\"><strong>LATINA\u00a0<\/strong> &#8211; Dopo la notizia della nomina di un <a href=\"https:\/\/www.radioluna.it\/news\/2021\/12\/la-giunta-regionale-nomina-il-commissario-straordinario-per-lemergenza-rifiuti-a-latina\/\">commissario straordinario per l&#8217;emergenza rifiuti a Latina<\/a> , in una nota insorge la Lega che si chiede per quale motivo la stessa sorte non sia toccata a Roma. &#8221;Quali atti amministrativi ha fatto il sindaco di Roma, Roberto Gualtieri, per individuare la discarica e gli impianti necessari all&#8217;autosufficienza sui rifiuti? Nessuno. Perch\u00e9 l&#8217;assessore regionale competente, Massimiliano Valeriani, non chiede pi\u00f9 quotidianamente al Campidoglio di indicare la rete di impianti? Perch\u00e9 Roma non \u00e8 stata commissariata in linea con la Provincia di Latina vista la carenza di atti concreti per uscire dall&#8217;emergenza, nonostante le diffide della Regione Lazio attraverso le delibere di giunta del 28 maggio scorso?&#8221;, sono le domande poste in una nota da Claudio Durigon e Angelo Tripodi, coordinatore regionale della Lega e capogruppo del partito in Consiglio regionale del Lazio.<\/p>\n<p>&nbsp;<\/p>\n","protected":false},"excerpt":{"rendered":"<p>LATINA\u00a0 &#8211; Dopo la notizia della nomina di un commissario straordinario per l&#8217;emergenza rifiuti a Latina , in una nota insorge la Lega che si chiede per quale motivo la stessa sorte non sia toccata a Roma. &#8221;Quali atti amministrativi ha fatto il sindaco di Roma, Roberto Gualtieri, per individuare la discarica e gli impianti [&hellip;]<\/p>\n","protected":false},"author":60,"featured_media":124284,"comment_status":"open","ping_status":"open","sticky":false,"template":"","format":"standard","meta":{"footnotes":""},"categories":[8],"tags":[],"class_list":["post-301995","post","type-post","status-publish","format-standard","has-post-thumbnail","hentry","category-politica"],"_links":{"self":[{"href":"https:\/\/www.radioluna.it\/news\/wp-json\/wp\/v2\/posts\/301995","targetHints":{"allow":["GET"]}}],"collection":[{"href":"https:\/\/www.radioluna.it\/news\/wp-json\/wp\/v2\/posts"}],"about":[{"href":"https:\/\/www.radioluna.it\/news\/wp-json\/wp\/v2\/types\/post"}],"author":[{"embeddable":true,"href":"https:\/\/www.radioluna.it\/news\/wp-json\/wp\/v2\/users\/60"}],"replies":[{"embeddable":true,"href":"https:\/\/www.radioluna.it\/news\/wp-json\/wp\/v2\/comments?post=301995"}],"version-history":[{"count":0,"href":"https:\/\/www.radioluna.it\/news\/wp-json\/wp\/v2\/posts\/301995\/revisions"}],"wp:featuredmedia":[{"embeddable":true,"href":"https:\/\/www.radioluna.it\/news\/wp-json\/wp\/v2\/media\/124284"}],"wp:attachment":[{"href":"https:\/\/www.radioluna.it\/news\/wp-json\/wp\/v2\/media?parent=301995"}],"wp:term":[{"taxonomy":"category","embeddable":true,"href":"https:\/\/www.radioluna.it\/news\/wp-json\/wp\/v2\/categories?post=301995"},{"taxonomy":"post_tag","embeddable":true,"href":"https:\/\/www.radioluna.it\/news\/wp-json\/wp\/v2\/tags?post=301995"}],"curies":[{"name":"wp","href":"https:\/\/api.w.org\/{rel}","templated":true}]}}