{"id":302002,"date":"2021-12-02T14:59:11","date_gmt":"2021-12-02T13:59:11","guid":{"rendered":"https:\/\/www.radioluna.it\/news\/?p=302002"},"modified":"2021-12-02T14:59:11","modified_gmt":"2021-12-02T13:59:11","slug":"latina-azione-convoca-lassemblea-pubblica","status":"publish","type":"post","link":"https:\/\/www.radioluna.it\/news\/2021\/12\/latina-azione-convoca-lassemblea-pubblica\/","title":{"rendered":"Latina, Azione convoca l&#8217;assemblea pubblica"},"content":{"rendered":"<div id=\"fb-root\"><\/div>\n<p style=\"text-align: justify;\"><strong>LATINA &#8211;<\/strong>\u00a0 Gioved\u00ec 2 dicembre 2021 al Circolo Cittadino di Latina (a partire dalle 17:30) si terr\u00e0 l\u2019assemblea pubblica di AZIONE,\u00a0 prima tappa di avvicinamento al Congresso Nazionale di gennaio e febbraio.<\/p>\n<p style=\"text-align: justify;\">&#8220;Prende forma il progetto politico di Carlo Calenda e dei fondatori di AZIONE, e il percorso congressuale, che si apre con una campagna di adesioni, porter\u00e0 alla strutturazione di organismi di partito eletti per il livello nazionale fino al comunale &#8211; sottolinea il referente di Latina Olivier Tassi (nella foto da Fb) &#8211; E\u2019 un momento storico per AZIONE, di vera e propria fondazione e l\u2019Assemblea a Latina vuole essere un primo momento di confronto tra i referenti locali, gli iscritti, i simpatizzanti e tutti coloro che vorranno conoscere meglio la nostra proposta politica. Verranno illustrati i passaggi salienti delle prossime settimane e le proposte che il gruppo di Latina in AZIONE ha elaborato per la citt\u00e0. Sar\u00e0 possibile iscriversi al partito per il 2022 o rinnovare la tessera gi\u00e0 in possesso&#8221;.<\/p>\n<p style=\"text-align: justify;\">Gli iscritti saranno chiamati a votare i candidati territoriali che rappresenteranno le esigenze a livello provinciale e regionale.<\/p>\n","protected":false},"excerpt":{"rendered":"<p>LATINA &#8211;\u00a0 Gioved\u00ec 2 dicembre 2021 al Circolo Cittadino di Latina (a partire dalle 17:30) si terr\u00e0 l\u2019assemblea pubblica di AZIONE,\u00a0 prima tappa di avvicinamento al Congresso Nazionale di gennaio e febbraio. &#8220;Prende forma il progetto politico di Carlo Calenda e dei fondatori di AZIONE, e il percorso congressuale, che si apre con una campagna [&hellip;]<\/p>\n","protected":false},"author":60,"featured_media":302003,"comment_status":"open","ping_status":"open","sticky":false,"template":"","format":"standard","meta":{"footnotes":""},"categories":[8],"tags":[],"class_list":["post-302002","post","type-post","status-publish","format-standard","has-post-thumbnail","hentry","category-politica"],"_links":{"self":[{"href":"https:\/\/www.radioluna.it\/news\/wp-json\/wp\/v2\/posts\/302002","targetHints":{"allow":["GET"]}}],"collection":[{"href":"https:\/\/www.radioluna.it\/news\/wp-json\/wp\/v2\/posts"}],"about":[{"href":"https:\/\/www.radioluna.it\/news\/wp-json\/wp\/v2\/types\/post"}],"author":[{"embeddable":true,"href":"https:\/\/www.radioluna.it\/news\/wp-json\/wp\/v2\/users\/60"}],"replies":[{"embeddable":true,"href":"https:\/\/www.radioluna.it\/news\/wp-json\/wp\/v2\/comments?post=302002"}],"version-history":[{"count":0,"href":"https:\/\/www.radioluna.it\/news\/wp-json\/wp\/v2\/posts\/302002\/revisions"}],"wp:featuredmedia":[{"embeddable":true,"href":"https:\/\/www.radioluna.it\/news\/wp-json\/wp\/v2\/media\/302003"}],"wp:attachment":[{"href":"https:\/\/www.radioluna.it\/news\/wp-json\/wp\/v2\/media?parent=302002"}],"wp:term":[{"taxonomy":"category","embeddable":true,"href":"https:\/\/www.radioluna.it\/news\/wp-json\/wp\/v2\/categories?post=302002"},{"taxonomy":"post_tag","embeddable":true,"href":"https:\/\/www.radioluna.it\/news\/wp-json\/wp\/v2\/tags?post=302002"}],"curies":[{"name":"wp","href":"https:\/\/api.w.org\/{rel}","templated":true}]}}