{"id":302303,"date":"2021-12-07T16:18:37","date_gmt":"2021-12-07T15:18:37","guid":{"rendered":"https:\/\/www.radioluna.it\/news\/?p=302303"},"modified":"2021-12-07T16:18:37","modified_gmt":"2021-12-07T15:18:37","slug":"da-zingaretti-a-procaccini-tenere-alta-lattenzione-sul-caso-zaki","status":"publish","type":"post","link":"https:\/\/www.radioluna.it\/news\/2021\/12\/da-zingaretti-a-procaccini-tenere-alta-lattenzione-sul-caso-zaki\/","title":{"rendered":"Da Zingaretti a Procaccini: &#8220;Tenere alta l&#8217;attenzione sul caso Zaki&#8221;"},"content":{"rendered":"<div id=\"fb-root\"><\/div>\n<p style=\"text-align: justify;\"><strong>LATINA<\/strong> &#8211; &#8220;Patrick Zaki sar\u00e0 scarcerato, una bellissima notizia. Un primo passo verso la giustizia. Continuiamo a tenere alta l\u2019attenzione. La mobilitazione per la libert\u00e0 va avanti, siamo con te&#8221;. Lo ha scritto in un post il Presidente della Regione Lazio Nicola Zingaretti dopo la notizia che lo studente egiziano, in carcere da 22 mesi, sar\u00e0 rimesso in libert\u00e0 in attesa processo.<\/p>\n<p style=\"text-align: justify;\">Anche l&#8217;Europarlamentare pontino Nicola Procaccini esprime sollievo: &#8220;Si tratta di una vera barbarie, a Zaki deve essere al pi\u00f9 presto restituita la libert\u00e0. Ora che \u00e8 chiara l\u2019assurda accusa ai danni dello studente dell\u2019universit\u00e0 di Bologna, \u00e8 ancora pi\u00f9 evidente la persecuzione cui il giovane, e di riflesso la sua famiglia, sono sottoposti. Una privazione della libert\u00e0 che deve indurre ancora pi\u00f9 la diplomazia italiana a tenere alta l\u2019attenzione sulla sorte di Zaki, la cui vicenda non \u00e8 ancora terminata. Ma questa brutta storia \u00e8 anche l\u2019ennesima conferma delle persecuzioni e discriminazioni subite dalla comunit\u00e0 cristiana nel mondo, sulle quali \u00e8 assordante il silenzio e l\u2019indifferenza della comunit\u00e0 internazionale\u201d,\u00a0 \u00a0 afferma l\u2019europarlamentare di FDI-ECR, coordinatore per i Conservatori nella commissione libert\u00e0, giustizia e diritti civili del Parlamento europeo.<\/p>\n","protected":false},"excerpt":{"rendered":"<p>LATINA &#8211; &#8220;Patrick Zaki sar\u00e0 scarcerato, una bellissima notizia. Un primo passo verso la giustizia. Continuiamo a tenere alta l\u2019attenzione. La mobilitazione per la libert\u00e0 va avanti, siamo con te&#8221;. Lo ha scritto in un post il Presidente della Regione Lazio Nicola Zingaretti dopo la notizia che lo studente egiziano, in carcere da 22 mesi, [&hellip;]<\/p>\n","protected":false},"author":62,"featured_media":302304,"comment_status":"open","ping_status":"open","sticky":false,"template":"","format":"standard","meta":{"footnotes":""},"categories":[8],"tags":[],"class_list":["post-302303","post","type-post","status-publish","format-standard","has-post-thumbnail","hentry","category-politica"],"_links":{"self":[{"href":"https:\/\/www.radioluna.it\/news\/wp-json\/wp\/v2\/posts\/302303","targetHints":{"allow":["GET"]}}],"collection":[{"href":"https:\/\/www.radioluna.it\/news\/wp-json\/wp\/v2\/posts"}],"about":[{"href":"https:\/\/www.radioluna.it\/news\/wp-json\/wp\/v2\/types\/post"}],"author":[{"embeddable":true,"href":"https:\/\/www.radioluna.it\/news\/wp-json\/wp\/v2\/users\/62"}],"replies":[{"embeddable":true,"href":"https:\/\/www.radioluna.it\/news\/wp-json\/wp\/v2\/comments?post=302303"}],"version-history":[{"count":0,"href":"https:\/\/www.radioluna.it\/news\/wp-json\/wp\/v2\/posts\/302303\/revisions"}],"wp:featuredmedia":[{"embeddable":true,"href":"https:\/\/www.radioluna.it\/news\/wp-json\/wp\/v2\/media\/302304"}],"wp:attachment":[{"href":"https:\/\/www.radioluna.it\/news\/wp-json\/wp\/v2\/media?parent=302303"}],"wp:term":[{"taxonomy":"category","embeddable":true,"href":"https:\/\/www.radioluna.it\/news\/wp-json\/wp\/v2\/categories?post=302303"},{"taxonomy":"post_tag","embeddable":true,"href":"https:\/\/www.radioluna.it\/news\/wp-json\/wp\/v2\/tags?post=302303"}],"curies":[{"name":"wp","href":"https:\/\/api.w.org\/{rel}","templated":true}]}}