{"id":302528,"date":"2021-12-13T15:57:22","date_gmt":"2021-12-13T14:57:22","guid":{"rendered":"https:\/\/www.radioluna.it\/news\/?p=302528"},"modified":"2021-12-13T15:57:22","modified_gmt":"2021-12-13T14:57:22","slug":"il-consigliere-comunale-di-latina-alessio-pagliari-passa-al-gruppo-misto","status":"publish","type":"post","link":"https:\/\/www.radioluna.it\/news\/2021\/12\/il-consigliere-comunale-di-latina-alessio-pagliari-passa-al-gruppo-misto\/","title":{"rendered":"Il consigliere comunale di Latina Alessio Pagliari passa al \u201cGruppo Misto\u201d"},"content":{"rendered":"<div id=\"fb-root\"><\/div>\n<p style=\"text-align: justify;\"><strong>LATINA &#8211;<\/strong> Il Consigliere Comunale Alessio Pagliari interviene in maniera decisa sulla situazione di \u201cstallo\u201d politico.\u00a0 \u00abQuando ho accettato la candidatura a consigliere comunale, mai mi sarei immaginato di ritrovarmi in una situazione come questa. Trovo imbarazzante che, ormai a due mesi dalla conclusione delle elezioni, la macchina politico-amministrativa sia di fatto ferma, bloccata da una serie di tatticismi che, a mio avviso, non portano da nessuna parte. \u00c8 vero, ci troviamo di fronte ad uno scenario insolito, definito come \u201cl\u2019anatra zoppa\u201d. Per\u00f2, dal momento che il centro-destra, uscito vincitore al primo turno, ha deciso di mandare avanti questa consiliatura, senza sfiduciare il Sindaco Coletta, si deve agire. Se si \u00e8 veramente coerenti, prima di tutto per l\u2019amore verso la citt\u00e0, bisogna avere un governo per affrontare subito i tanti problemi presenti. \u00c8 inammissibile non farsi trovare pronti davanti all\u2019opportunit\u00e0 di rilancio, offerta dai fondi del PNRR, allora, credo che dovremmo fare tutti &#8211; cos\u00ec come \u00e8 stato detto da alcuni colleghi nell\u2019ultimo consiglio comunale &#8211; un passo indietro, o forse meglio, un passo avanti, rimboccarci le maniche e garantire un\u2019azione di governo per il bene della citt\u00e0. Per questo, con molta sofferenza, ma con altrettanta ponderazione, ho deciso di prendere una posizione autonoma. Questa mia scelta ha l\u2019auspicio e l\u2019ambizione di provocare una \u201cscossa\u201d, un \u201crisveglio\u201d a tutto il centro-destra, per essere corrispondenti all\u2019esito elettorale che, fra primo e secondo turno, ci vede chiamati a collaborare e co-governare con il Sindaco e la Giunta. Il centro destra aveva, ed avrebbe ancora la maggioranza e la forza incisiva per indicare le linee di indirizzo politico al Sindaco, ma \u00e8 di fatto fermo, quasi bloccato su se stesso per varie dinamiche di palazzo. Questa mia decisione \u00e8 generata da un senso di responsabilit\u00e0 e di rispetto verso i tanti cittadini che hanno voluto darmi fiducia, hanno creduto in me e che mi hanno chiesto &#8211; e mi chiedono tutti i giorni &#8211; di dare un contributo per risolvere i problemi, dare una nuova visione alla citt\u00e0, ai borghi, alle periferie. Sono sempre stato critico, e non lo rinnego, nei confronti della precedente gestione della citt\u00e0. Ma non si possono addossare tutte le responsabilit\u00e0 dell\u2019attuale stallo amministrativo al Sindaco Coletta. Avremmo gi\u00e0 dovuto istituire ed avviare le commissioni consiliari, fondamentali per iniziare l\u2019attivit\u00e0 amministrativa. Non perdiamo altro tempo!\u00bb \u2013 conclude Alessio Pagliari.<\/p>\n","protected":false},"excerpt":{"rendered":"<p>LATINA &#8211; Il Consigliere Comunale Alessio Pagliari interviene in maniera decisa sulla situazione di \u201cstallo\u201d politico.\u00a0 \u00abQuando ho accettato la candidatura a consigliere comunale, mai mi sarei immaginato di ritrovarmi in una situazione come questa. Trovo imbarazzante che, ormai a due mesi dalla conclusione delle elezioni, la macchina politico-amministrativa sia di fatto ferma, bloccata da [&hellip;]<\/p>\n","protected":false},"author":60,"featured_media":282741,"comment_status":"open","ping_status":"open","sticky":false,"template":"","format":"standard","meta":{"footnotes":""},"categories":[8],"tags":[],"class_list":["post-302528","post","type-post","status-publish","format-standard","has-post-thumbnail","hentry","category-politica"],"_links":{"self":[{"href":"https:\/\/www.radioluna.it\/news\/wp-json\/wp\/v2\/posts\/302528","targetHints":{"allow":["GET"]}}],"collection":[{"href":"https:\/\/www.radioluna.it\/news\/wp-json\/wp\/v2\/posts"}],"about":[{"href":"https:\/\/www.radioluna.it\/news\/wp-json\/wp\/v2\/types\/post"}],"author":[{"embeddable":true,"href":"https:\/\/www.radioluna.it\/news\/wp-json\/wp\/v2\/users\/60"}],"replies":[{"embeddable":true,"href":"https:\/\/www.radioluna.it\/news\/wp-json\/wp\/v2\/comments?post=302528"}],"version-history":[{"count":0,"href":"https:\/\/www.radioluna.it\/news\/wp-json\/wp\/v2\/posts\/302528\/revisions"}],"wp:featuredmedia":[{"embeddable":true,"href":"https:\/\/www.radioluna.it\/news\/wp-json\/wp\/v2\/media\/282741"}],"wp:attachment":[{"href":"https:\/\/www.radioluna.it\/news\/wp-json\/wp\/v2\/media?parent=302528"}],"wp:term":[{"taxonomy":"category","embeddable":true,"href":"https:\/\/www.radioluna.it\/news\/wp-json\/wp\/v2\/categories?post=302528"},{"taxonomy":"post_tag","embeddable":true,"href":"https:\/\/www.radioluna.it\/news\/wp-json\/wp\/v2\/tags?post=302528"}],"curies":[{"name":"wp","href":"https:\/\/api.w.org\/{rel}","templated":true}]}}