{"id":302644,"date":"2021-12-14T19:30:37","date_gmt":"2021-12-14T18:30:37","guid":{"rendered":"https:\/\/www.radioluna.it\/news\/?p=302644"},"modified":"2021-12-15T13:17:29","modified_gmt":"2021-12-15T12:17:29","slug":"latina-prove-di-equilibrio-nella-riunione-capigruppo-su-linee-di-mandato-e-commissioni","status":"publish","type":"post","link":"https:\/\/www.radioluna.it\/news\/2021\/12\/latina-prove-di-equilibrio-nella-riunione-capigruppo-su-linee-di-mandato-e-commissioni\/","title":{"rendered":"Latina, prove di equilibrio nella riunione capigruppo su linee di mandato e commissioni"},"content":{"rendered":"<div id=\"fb-root\"><\/div>\n<p style=\"text-align: justify;\"><strong>LATINA\u00a0<\/strong> &#8211; Prove di equilibrio nella riunione dei capigruppo che si \u00e8 tenuta oggi a Latina, al termine della quale \u00e8 stata accolta la richiesta del centrodestra di prorogare il voto sulle linee di mandato che il sindaco Damiano Coletta illustrer\u00e0 nel corso del consiglio comunale convocato per il 20 dicembre. I consiglieri di maggioranza si esprimeranno infatti solo il 22, durante un&#8217;ulteriore seduta consiliare da convocare, avendo chiesto e ottenuto 48 ore di tempo per analizzare a fondo il documento programmatico. A quella data sar\u00e0 anche chiaro il risultato della consultazione in Provincia per l\u2019elezione del nuovo presidente dell&#8217;Ente tra i due candidati in campo,\u00a0 Gerardo Stefanelli e Giovanni Agresti, il primo sostenuto da civici, centrosinistra e Forza Italia\u00a0 e il secondo dal centrodestra.<\/p>\n<p style=\"text-align: justify;\"><strong>LE COMMISSIONI<\/strong> &#8211; Quanto alle commissioni ancora non costituite, l\u2019accordo tra i capigruppo non \u00e8 andato oltre la quantit\u00e0: saranno in tutto 10, mentre \u00e8 rinviata ogni decisione sulla loro composizione. Per parlare di questo e delle presidenze di commissione tutto \u00e8 rinviato ad una nuova riunione dei capigruppo aggiornata al pomeriggio del prossimo 16 dicembre quando saranno pronti anche pi\u00f9 precisi calcoli numerici.<\/p>\n<p style=\"text-align: justify;\">&#8220;Latina Bene Comune ha fornito riprova di un atteggiamento collaborativo e di mano tesa verso tutte le forze politiche che compongono l\u2019attuale consiglio comunale \u2013 spiega la capogruppo Valeria Campagna in seno alla riunione dei capigruppo tenutasi in data odierna \u2013 non potrebbe essere altrimenti vista la volont\u00e0 che ci \u00e8 stata espressa, mediante il voto di due mesi fa, dai cittadini e dalle cittadine di Latina: governare tutti insieme. Nel prossimo Consiglio Comunale \u2013 programmato per il 20 dicembre &#8211; il Sindaco Coletta presenter\u00e0 all\u2019assemblea le linee politiche che caratterizzeranno il mandato, perch\u00e9 la politica non pu\u00f2 paralizzarsi, quanto mai nell\u2019attuale fase storica di pandemia. Da parte di LBC, non verr\u00e0 mai meno il senso di responsabilit\u00e0 civico e politico nei confronti della citt\u00e0\u201d.<\/p>\n<div class=\"radio-posizionamento-telefono-in-articoli-dopo-il-contenuto-articolo radio-entity-placement\" id=\"radio-4140499564\"><div id=\"radio-2907660919\"><a href=\"https:\/\/grupporedi.it\/\" aria-label=\"Redi-Qr\"><img loading=\"lazy\" decoding=\"async\" src=\"https:\/\/www.radioluna.it\/news\/wp-content\/uploads\/2026\/03\/Redi-Qr.jpg\" alt=\"\"  srcset=\"https:\/\/www.radioluna.it\/news\/wp-content\/uploads\/2026\/03\/Redi-Qr.jpg 800w, https:\/\/www.radioluna.it\/news\/wp-content\/uploads\/2026\/03\/Redi-Qr-768x639.jpg 768w\" sizes=\"(max-width: 800px) 100vw, 800px\" width=\"300\" height=\"250\"   \/><\/a><\/div><\/div>","protected":false},"excerpt":{"rendered":"<p>LATINA\u00a0 &#8211; Prove di equilibrio nella riunione dei capigruppo che si \u00e8 tenuta oggi a Latina, al termine della quale \u00e8 stata accolta la richiesta del centrodestra di prorogare il voto sulle linee di mandato che il sindaco Damiano Coletta illustrer\u00e0 nel corso del consiglio comunale convocato per il 20 dicembre. I consiglieri di maggioranza [&hellip;]<\/p>\n","protected":false},"author":62,"featured_media":302645,"comment_status":"open","ping_status":"open","sticky":false,"template":"","format":"standard","meta":{"footnotes":""},"categories":[8],"tags":[],"class_list":["post-302644","post","type-post","status-publish","format-standard","has-post-thumbnail","hentry","category-politica"],"_links":{"self":[{"href":"https:\/\/www.radioluna.it\/news\/wp-json\/wp\/v2\/posts\/302644","targetHints":{"allow":["GET"]}}],"collection":[{"href":"https:\/\/www.radioluna.it\/news\/wp-json\/wp\/v2\/posts"}],"about":[{"href":"https:\/\/www.radioluna.it\/news\/wp-json\/wp\/v2\/types\/post"}],"author":[{"embeddable":true,"href":"https:\/\/www.radioluna.it\/news\/wp-json\/wp\/v2\/users\/62"}],"replies":[{"embeddable":true,"href":"https:\/\/www.radioluna.it\/news\/wp-json\/wp\/v2\/comments?post=302644"}],"version-history":[{"count":0,"href":"https:\/\/www.radioluna.it\/news\/wp-json\/wp\/v2\/posts\/302644\/revisions"}],"wp:featuredmedia":[{"embeddable":true,"href":"https:\/\/www.radioluna.it\/news\/wp-json\/wp\/v2\/media\/302645"}],"wp:attachment":[{"href":"https:\/\/www.radioluna.it\/news\/wp-json\/wp\/v2\/media?parent=302644"}],"wp:term":[{"taxonomy":"category","embeddable":true,"href":"https:\/\/www.radioluna.it\/news\/wp-json\/wp\/v2\/categories?post=302644"},{"taxonomy":"post_tag","embeddable":true,"href":"https:\/\/www.radioluna.it\/news\/wp-json\/wp\/v2\/tags?post=302644"}],"curies":[{"name":"wp","href":"https:\/\/api.w.org\/{rel}","templated":true}]}}