{"id":302723,"date":"2021-12-16T14:10:27","date_gmt":"2021-12-16T13:10:27","guid":{"rendered":"https:\/\/www.radioluna.it\/news\/?p=302723"},"modified":"2021-12-16T19:23:18","modified_gmt":"2021-12-16T18:23:18","slug":"civici-in-crescita-raddoppiate-le-iscrizioni-a-latina-bene-comune","status":"publish","type":"post","link":"https:\/\/www.radioluna.it\/news\/2021\/12\/civici-in-crescita-raddoppiate-le-iscrizioni-a-latina-bene-comune\/","title":{"rendered":"Civici in crescita: raddoppiate le iscrizioni a Latina Bene Comune"},"content":{"rendered":"<div id=\"fb-root\"><\/div>\n<p style=\"text-align: justify;\"><strong>LATINA<\/strong> &#8211; Latina Bene Comune raddoppia le iscrizioni e si consolida. Lo dichiara in una nota Elettra Ortu la Barbera, segretaria del Movimento civico che sostiene il sindaco Damiano Coletta facendo un bilancio degli ultimi 12 mesi: \u201cTutta questa adesione \u00e8 testimonianza \u2013 dice &#8211; di come LBC sia diventata, negli anni, una sponda valida per chi desidera impegnarsi a livello civico e politico. L\u2019obiettivo \u00e8 insistere su questa strada, migliorando sempre di pi\u00f9 il radicamento sul territorio\u201d.<\/p>\n<p style=\"text-align: justify;\">La parola d&#8217;ordine \u00e8: &#8220;ascolto&#8221;. L\u2019indirizzo emerso in seno all\u2019assemblea dei soci, e la linea che ispirer\u00e0 i prossimi mesi, nei quali LBC inizier\u00e0 a gettare le basi per una fase congressuale volta a rendere sempre pi\u00f9 diretto il filo tra citt\u00e0 e Movimento &#8211; spiegano &#8211; si baser\u00e0 sul metodo partecipativo, attraverso incontri, tavoli tematici, vertici con le realt\u00e0 associative e il coinvolgimento sempre pi\u00f9 spinto dei giovani.<\/p>\n<p style=\"text-align: justify;\">\u201cUn movimento vivo \u2013 continua Ortu La Barbera &#8211; \u00e8 quello che riesce ad ascoltare, analizzare le criticit\u00e0 ed a rimodularsi in base alla situazione attuale. La rappresentativit\u00e0 espressa in Comune dal Movimento, \u00e8 molto ridotta rispetto al precedente mandato, ma questo deve ispirarci e farci capire che bisogna lavorare in coalizione per il bene della citt\u00e0. Solo cos\u00ec possiamo aggregare energie positive senza perdere di vista il bene comune. In tal senso, il nostro ruolo politico diventa pi\u00f9 importante che mai. Da parte nostra non mancheranno i fondamenti che hanno ispirato gli ultimi 5 anni: pluralit\u00e0, partecipazione, inclusivit\u00e0, solidariet\u00e0. I valori e i temi, continueranno a prevalere sulle ideologie\u201d.<\/p>\n<p style=\"text-align: justify;\">Ha presenziato all&#8217;incontro con i soci a due mesi dalle elezioni amministrative, il Sindaco Coletta, che parlando dell&#8217;attuale scenario politico ha dichiarato di auspicare \u201cun rapido avvio dei progetti, una volta presentate le linee di mandato (nel consiglio comunale del prossimo 20 dicembre, ndr), per il rilancio della citt\u00e0\u201d.<\/p>\n<div class=\"radio-posizionamento-telefono-in-articoli-dopo-il-contenuto-articolo radio-entity-placement\" id=\"radio-47754729\"><div id=\"radio-2549469304\"><a href=\"https:\/\/grupporedi.it\/\" aria-label=\"Redi-Qr\"><img loading=\"lazy\" decoding=\"async\" src=\"https:\/\/www.radioluna.it\/news\/wp-content\/uploads\/2026\/03\/Redi-Qr.jpg\" alt=\"\"  srcset=\"https:\/\/www.radioluna.it\/news\/wp-content\/uploads\/2026\/03\/Redi-Qr.jpg 800w, https:\/\/www.radioluna.it\/news\/wp-content\/uploads\/2026\/03\/Redi-Qr-768x639.jpg 768w\" sizes=\"(max-width: 800px) 100vw, 800px\" width=\"300\" height=\"250\"   \/><\/a><\/div><\/div>","protected":false},"excerpt":{"rendered":"<p>LATINA &#8211; Latina Bene Comune raddoppia le iscrizioni e si consolida. Lo dichiara in una nota Elettra Ortu la Barbera, segretaria del Movimento civico che sostiene il sindaco Damiano Coletta facendo un bilancio degli ultimi 12 mesi: \u201cTutta questa adesione \u00e8 testimonianza \u2013 dice &#8211; di come LBC sia diventata, negli anni, una sponda valida [&hellip;]<\/p>\n","protected":false},"author":62,"featured_media":297094,"comment_status":"open","ping_status":"open","sticky":false,"template":"","format":"standard","meta":{"footnotes":""},"categories":[8],"tags":[],"class_list":["post-302723","post","type-post","status-publish","format-standard","has-post-thumbnail","hentry","category-politica"],"_links":{"self":[{"href":"https:\/\/www.radioluna.it\/news\/wp-json\/wp\/v2\/posts\/302723","targetHints":{"allow":["GET"]}}],"collection":[{"href":"https:\/\/www.radioluna.it\/news\/wp-json\/wp\/v2\/posts"}],"about":[{"href":"https:\/\/www.radioluna.it\/news\/wp-json\/wp\/v2\/types\/post"}],"author":[{"embeddable":true,"href":"https:\/\/www.radioluna.it\/news\/wp-json\/wp\/v2\/users\/62"}],"replies":[{"embeddable":true,"href":"https:\/\/www.radioluna.it\/news\/wp-json\/wp\/v2\/comments?post=302723"}],"version-history":[{"count":0,"href":"https:\/\/www.radioluna.it\/news\/wp-json\/wp\/v2\/posts\/302723\/revisions"}],"wp:featuredmedia":[{"embeddable":true,"href":"https:\/\/www.radioluna.it\/news\/wp-json\/wp\/v2\/media\/297094"}],"wp:attachment":[{"href":"https:\/\/www.radioluna.it\/news\/wp-json\/wp\/v2\/media?parent=302723"}],"wp:term":[{"taxonomy":"category","embeddable":true,"href":"https:\/\/www.radioluna.it\/news\/wp-json\/wp\/v2\/categories?post=302723"},{"taxonomy":"post_tag","embeddable":true,"href":"https:\/\/www.radioluna.it\/news\/wp-json\/wp\/v2\/tags?post=302723"}],"curies":[{"name":"wp","href":"https:\/\/api.w.org\/{rel}","templated":true}]}}