{"id":302758,"date":"2021-12-16T19:48:06","date_gmt":"2021-12-16T18:48:06","guid":{"rendered":"https:\/\/www.radioluna.it\/news\/?p=302758"},"modified":"2021-12-16T19:48:32","modified_gmt":"2021-12-16T18:48:32","slug":"covid-a-cisterna-un-centro-vaccinale-gestito-dai-medici-di-famiglia","status":"publish","type":"post","link":"https:\/\/www.radioluna.it\/news\/2021\/12\/covid-a-cisterna-un-centro-vaccinale-gestito-dai-medici-di-famiglia\/","title":{"rendered":"Covid, a Cisterna un centro vaccinale gestito dai medici di famiglia"},"content":{"rendered":"<div id=\"fb-root\"><\/div>\n<p style=\"text-align: justify;\"><strong>CISTERNA<\/strong> &#8211; Aprir\u00e0 sabato alle ore 9 il centro vaccinale territoriale di Cisterna di Latina, nel quartiere San Valentino, adiacente alla Sala del Regno dei Testimoni di Geova, con accesso da via Giovanni Falcone e da viale Adriatico. E, da marted\u00ec 21, sar\u00e0 possibile prenotarsi direttamente sul sito https:\/\/prenotavaccino-covid.regione.lazio.it\/main\/home nei giorni e negli orari stabiliti.\u00a0 \u00c8 stato siglato il protocollo d\u2019intesa tra il referente dell\u2019UCP di San Valentino dott. Giovanni Cirilli, il direttore del Distretto 1 della Asl di Latina dott. Belardino Rossi e la direttrice\u00a0 generale della Asl di Latina dott.ssa Silvia Cavalli, con il contributo del Comune di Cisterna che, attraverso l\u2019Ater, ha messo a disposizione i locali e ha adeguato i relativi impianti e le strutture.<\/p>\n<p style=\"text-align: justify;\">Il centro vaccinale territoriale di Cisterna sar\u00e0 gestito dai medici di medicina generale e assicurer\u00e0 questo servizio in un territorio che ne era totalmente privo, premiando l\u2019impegno del Comune e riaffermando l\u2019azione dei medici di medicina generale a favore della comunit\u00e0, oltre agli sforzi della Asl per una diffusione capillare sul territorio dei centri vaccinali.\u00a0Sabato 18 dicembre, il centro sar\u00e0 aperto dalle ore 9 alle ore 14 e sar\u00e0 una sorta di banco di prova per poter testare il servizio e poter inserire, eventualmente, dei miglioramenti. Gli utenti che accederanno sabato 18 saranno indicati esclusivamente dai medici di medicina generale di Cisterna.<\/p>\n<p style=\"text-align: justify;\">Il centro vaccinale si avvarr\u00e0 DELLA collaborazione delle Associazioni di Protezione civile di Cisterna: la sezione Mauro Zappaterreni &#8211; ODV; ANVVFC dei Vigili del fuoco in congedo sezione Franco Mancini e la Croce Rossa Italiana, che metteranno a disposizione i volontari per gestire i flussi: \u201cL\u2019apertura di questo centro \u00e8 legata al bisogno di limitare i disagi a coloro che intendono proseguire il percorso di vaccinazione e, soprattutto, incentivare i cittadini che a tutt\u2019oggi non hanno effettuato neppure la prima dose di vaccino \u2013 ha detto il sindaco di Cisterna Valentino Mantini \u2013. Siamo orgogliosi per il risultato che abbiamo raggiunto, lavorando duramente e in sinergia con tutte le istituzioni coinvolte, per aprire un importante servizio sanitario a Cisterna\u201d.<\/p>\n<p style=\"text-align: justify;\"><strong>ORARI<\/strong> &#8211; marted\u00ec 21 dicembre ore 9-19; marted\u00ec 28 dicembre ore 9-19; marted\u00ec 4 gennaio ore 14-19; sabato 8 gennaio ore 9-14; marted\u00ec 11 gennaio ore 14-19; sabato 15 gennaio ore 9-14; marted\u00ec 18 gennaio ore 14-19; sabato 22 gennaio ore 9-14; marted\u00ec 25 gennaio ore 14-19; sabato 29 gennaio ore 9-14.<\/p>\n<p>&nbsp;<\/p>\n","protected":false},"excerpt":{"rendered":"<p>CISTERNA &#8211; Aprir\u00e0 sabato alle ore 9 il centro vaccinale territoriale di Cisterna di Latina, nel quartiere San Valentino, adiacente alla Sala del Regno dei Testimoni di Geova, con accesso da via Giovanni Falcone e da viale Adriatico. E, da marted\u00ec 21, sar\u00e0 possibile prenotarsi direttamente sul sito https:\/\/prenotavaccino-covid.regione.lazio.it\/main\/home nei giorni e negli orari stabiliti.\u00a0 [&hellip;]<\/p>\n","protected":false},"author":60,"featured_media":255920,"comment_status":"open","ping_status":"open","sticky":false,"template":"","format":"standard","meta":{"footnotes":""},"categories":[7],"tags":[],"class_list":["post-302758","post","type-post","status-publish","format-standard","has-post-thumbnail","hentry","category-cronaca"],"_links":{"self":[{"href":"https:\/\/www.radioluna.it\/news\/wp-json\/wp\/v2\/posts\/302758","targetHints":{"allow":["GET"]}}],"collection":[{"href":"https:\/\/www.radioluna.it\/news\/wp-json\/wp\/v2\/posts"}],"about":[{"href":"https:\/\/www.radioluna.it\/news\/wp-json\/wp\/v2\/types\/post"}],"author":[{"embeddable":true,"href":"https:\/\/www.radioluna.it\/news\/wp-json\/wp\/v2\/users\/60"}],"replies":[{"embeddable":true,"href":"https:\/\/www.radioluna.it\/news\/wp-json\/wp\/v2\/comments?post=302758"}],"version-history":[{"count":0,"href":"https:\/\/www.radioluna.it\/news\/wp-json\/wp\/v2\/posts\/302758\/revisions"}],"wp:featuredmedia":[{"embeddable":true,"href":"https:\/\/www.radioluna.it\/news\/wp-json\/wp\/v2\/media\/255920"}],"wp:attachment":[{"href":"https:\/\/www.radioluna.it\/news\/wp-json\/wp\/v2\/media?parent=302758"}],"wp:term":[{"taxonomy":"category","embeddable":true,"href":"https:\/\/www.radioluna.it\/news\/wp-json\/wp\/v2\/categories?post=302758"},{"taxonomy":"post_tag","embeddable":true,"href":"https:\/\/www.radioluna.it\/news\/wp-json\/wp\/v2\/tags?post=302758"}],"curies":[{"name":"wp","href":"https:\/\/api.w.org\/{rel}","templated":true}]}}