{"id":302817,"date":"2021-12-17T16:44:25","date_gmt":"2021-12-17T15:44:25","guid":{"rendered":"https:\/\/www.radioluna.it\/news\/?p=302817"},"modified":"2021-12-17T16:44:25","modified_gmt":"2021-12-17T15:44:25","slug":"latina-fratelli-ditalia-riunisce-la-classe-dirigente-confronto-su-pnrr-legge-di-bilancio-e-prossimi-impegni","status":"publish","type":"post","link":"https:\/\/www.radioluna.it\/news\/2021\/12\/latina-fratelli-ditalia-riunisce-la-classe-dirigente-confronto-su-pnrr-legge-di-bilancio-e-prossimi-impegni\/","title":{"rendered":"Latina, Fratelli d\u2019Italia riunisce la classe dirigente: confronto su PNRR, Legge di Bilancio e prossimi impegni"},"content":{"rendered":"<div id=\"fb-root\"><\/div>\n<p style=\"text-align: justify;\"><strong>FONDI &#8211;<\/strong> Fratelli d\u2019Italia ha riunito la sua classe dirigente nella serata di ieri presso il ristorante \u201cAl Boschetto\u201d di Fondi per un convegno dal titolo \u201cBandi europei e PNRR\u201d, iniziativa che rientra tra gli eventi organizzati dal partito europeo dell\u2019ECR.<br \/>\nL\u2019occasione \u00e8 stata utile anche per fare il punto circa la Legge di Bilancio in discussione al Senato, la crescita del partito, le imminenti elezioni provinciali e per scambiarsi gli auguri di Natale.<\/p>\n<p style=\"text-align: justify;\">\u201cFratelli d\u2019Italia &#8211; dichiara il coordinatore provinciale Nicola Calandrini &#8211; \u00e8 diventato il primo partito della Provincia grazie al lavoro di tutta la classe dirigente che abbiamo voluto incontrare in questa occasione. Abbiamo scelto di vederci a Fondi perch\u00e9 \u00e8 per noi il comune simbolo del buon lavoro che \u00e8 portato avanti dal partito locale anche in un contesto non facile.<br \/>\nAdesso puntiamo ad un nuovo traguardo alle elezioni provinciali, in cui sosteniamo convintamente il sindaco di Itri Giovanni Agresti a cui vogliamo affiancare i nostri amministratori locali che hanno accettato di candidarsi mettendosi a disposizione del territorio con spirito di servizio.<br \/>\nArchiviato anche questo appuntamento elettorale, procederemo con la riorganizzazione del partito in dipartimenti territoriali cos\u00ec come disposto da Giorgia Meloni. Questo ci permetter\u00e0 di essere ancora pi\u00f9 presenti e operativi in ogni area.<br \/>\nIo stesso ho preso l\u2019impegno di tornare ad essere pi\u00f9 presente nei territori. Se le condizioni legate alla pandemia lo consentiranno, riprender\u00f2 gli incontri Comune per Comune per parlare dei risvolti che avr\u00e0 la Legge di Bilancio, come era mia consuetudine prima della pandemia\u201d.<\/p>\n<p style=\"text-align: justify;\">\u201c\u00c8 stato un momento di politica e di comunit\u00e0, per FdI le due cose stanno insieme &#8211; aggiunge l\u2019eurodeputato Nicola Procaccini -. Per me \u00e8 stata un\u2019occasione per raccontare cosa \u00e8 stato l\u2019ultimo anno nel Parlamento Europeo, e per prefigurare gli scenari che verranno. Ho fatto sapere agli amministratori che mercoled\u00ec ci sar\u00e0 un appuntamento alle 17.30 sulla mia pagina Facebook e su quella di Fratelli d\u2019Italia per tutti coloro che vogliano sapere di pi\u00f9 su come accedere ai finanziamenti del PNRR nei propri Comuni. Insomma \u00e8 stato, quello di ieri, un momento di formazione, di comunit\u00e0 e di scambio di auguri\u201d.<\/p>\n<p style=\"text-align: justify;\">\u201cInsieme a Nicola Calandrini e a Nicola Procaccini continuiamo a lavorare per la crescita del partito &#8211; conclude il vice portavoce regionale Enrico Tiero &#8211; Il nostro prossimo obiettivo sono le elezioni provinciali dove sosteniamo Giovanni Agresti presidente. In passato siamo stati entrambi assessori provinciali e ho avuto modo di conoscere personalmente la sua seriet\u00e0. Con la sua vittoria sappiamo di affidare la Provincia all\u2019uomo giusto\u201d.<\/p>\n<div class=\"radio-posizionamento-telefono-in-articoli-dopo-il-contenuto-articolo radio-entity-placement\" id=\"radio-2274506554\"><div id=\"radio-3639244699\"><a href=\"https:\/\/grupporedi.it\/\" aria-label=\"Redi-Qr\"><img loading=\"lazy\" decoding=\"async\" src=\"https:\/\/www.radioluna.it\/news\/wp-content\/uploads\/2026\/03\/Redi-Qr.jpg\" alt=\"\"  srcset=\"https:\/\/www.radioluna.it\/news\/wp-content\/uploads\/2026\/03\/Redi-Qr.jpg 800w, https:\/\/www.radioluna.it\/news\/wp-content\/uploads\/2026\/03\/Redi-Qr-768x639.jpg 768w\" sizes=\"(max-width: 800px) 100vw, 800px\" width=\"300\" height=\"250\"   \/><\/a><\/div><\/div>","protected":false},"excerpt":{"rendered":"<p>FONDI &#8211; Fratelli d\u2019Italia ha riunito la sua classe dirigente nella serata di ieri presso il ristorante \u201cAl Boschetto\u201d di Fondi per un convegno dal titolo \u201cBandi europei e PNRR\u201d, iniziativa che rientra tra gli eventi organizzati dal partito europeo dell\u2019ECR. L\u2019occasione \u00e8 stata utile anche per fare il punto circa la Legge di Bilancio [&hellip;]<\/p>\n","protected":false},"author":60,"featured_media":0,"comment_status":"open","ping_status":"open","sticky":false,"template":"","format":"standard","meta":{"footnotes":""},"categories":[8],"tags":[],"class_list":["post-302817","post","type-post","status-publish","format-standard","hentry","category-politica"],"_links":{"self":[{"href":"https:\/\/www.radioluna.it\/news\/wp-json\/wp\/v2\/posts\/302817","targetHints":{"allow":["GET"]}}],"collection":[{"href":"https:\/\/www.radioluna.it\/news\/wp-json\/wp\/v2\/posts"}],"about":[{"href":"https:\/\/www.radioluna.it\/news\/wp-json\/wp\/v2\/types\/post"}],"author":[{"embeddable":true,"href":"https:\/\/www.radioluna.it\/news\/wp-json\/wp\/v2\/users\/60"}],"replies":[{"embeddable":true,"href":"https:\/\/www.radioluna.it\/news\/wp-json\/wp\/v2\/comments?post=302817"}],"version-history":[{"count":0,"href":"https:\/\/www.radioluna.it\/news\/wp-json\/wp\/v2\/posts\/302817\/revisions"}],"wp:attachment":[{"href":"https:\/\/www.radioluna.it\/news\/wp-json\/wp\/v2\/media?parent=302817"}],"wp:term":[{"taxonomy":"category","embeddable":true,"href":"https:\/\/www.radioluna.it\/news\/wp-json\/wp\/v2\/categories?post=302817"},{"taxonomy":"post_tag","embeddable":true,"href":"https:\/\/www.radioluna.it\/news\/wp-json\/wp\/v2\/tags?post=302817"}],"curies":[{"name":"wp","href":"https:\/\/api.w.org\/{rel}","templated":true}]}}