{"id":303329,"date":"2021-12-28T09:30:53","date_gmt":"2021-12-28T08:30:53","guid":{"rendered":"https:\/\/www.radioluna.it\/news\/?p=303329"},"modified":"2021-12-28T09:30:53","modified_gmt":"2021-12-28T08:30:53","slug":"cristian-leccese-e-laspirante-successore-del-sindaco-di-gaeta-cosmo-mitrano","status":"publish","type":"post","link":"https:\/\/www.radioluna.it\/news\/2021\/12\/cristian-leccese-e-laspirante-successore-del-sindaco-di-gaeta-cosmo-mitrano\/","title":{"rendered":"Cristian Leccese \u00e8 l&#8217;aspirante successore del sindaco di Gaeta Cosmo Mitrano"},"content":{"rendered":"<div id=\"fb-root\"><\/div>\n<p style=\"text-align: justify;\"><strong>GAETA<\/strong> &#8211; Cristian Leccese \u00e8 l&#8217;aspirante successore di Cosmo Mitrano alla guida di Gaeta. Ad ufficializzare la candidature alle prossime amministrative sono stati lo stesso sindaco e il diretto interessato. &#8220;E&#8217; il punto di inizio di una nuova sfida politica ed elettorale: quella del rinnovamento, sulla scia della continuit\u00e0 &#8211;\u00a0 ha detto Mitrano dopo la riunione di coalizione &#8211; Noi crediamo in Cristian nelle sue qualit\u00e0 umane e nelle<br \/>\ncompetenze che lo contraddistinguono. Sono particolarmente emozionato e contento perch\u00e9 in questi anni ho visto crescere una nuova classe politica composta da tanti giovani che, nel tempo, come nel caso di Cristian, hanno ricoperto ruoli di responsabilit\u00e0 come amministratori della nostra citt\u00e0. La sua candidatura giunge al termine di una serena e proficua concertazione con tutti gli amici della grande coalizione, un gruppo unito nel quale ognuno apporta il giusto e fattivo contributo. Siamo certi che Cristian far\u00e0 del suo meglio per rendere Gaeta ancora pi\u00f9 grande: Gaeta, avanti<br \/>\ntutta!\u201d.<\/p>\n<p style=\"text-align: justify;\">L\u2019indicazione di Cristian Leccese \u00e8 avvenuta luned\u00ec 27 dicembre in una riunione convocata dal Sindaco Cosmo Mitrano e che ha visto la partecipazione dei consiglieri comunali: Gennaro Dies, Katia Pellegrino, Maurizio Caso, Davide Speringo, Luigi Coscione, Michela Di Ciaccio, Pina Rosato, Pietro Salipante, Luigi Marzullo, Gennaro Romanelli, Luigi Gaetani e Rocco Galiano. Presente anche l\u2019intera giunta con gli<br \/>\nAssessori: Massimo Magliozzi, Angelo Magliozzi, Teodolinda Morini, Gianna Conte e Raffaele Matarazzo. Le forze politiche, attorno alle quali nasce la nuova coalizione elettorale denominata \u201cAvantitutta, per FARE Gaeta ancora pi\u00f9 GRANDE\u201d, sono attualmente sette: Lista Mitrano, Avantitutta, Azzurri per Crescere ancora, Leali per Gaeta, Il Quadrifoglio, Azione Popolare e Gaeta Democratica.<\/p>\n<p style=\"text-align: justify;\"><strong>CHI E&#8217; IL CANDIDATO<\/strong> &#8211;\u00a0 Cristian Leccese, classe 1981, dirigente d\u2019azienda, ha collaborato politicamente sin dal 2007 con Cosmo Mitrano, ricoprendo i ruoli di consigliere comunale, assessore e vice-sindaco. Si \u00e8 sempre occupato di politica dagli anni del liceo, impegnandosi attivamente dai comitati di quartiere all\u2019associazionismo locale.<br \/>\n\u201cSono onorato \u2013 queste le prime parole del candidato sindaco Cristian Leccese &#8211; per questa grande responsabilit\u00e0 ed emozionato per la fiducia che \u00e8 stata riposta nella mia persona. Negli ultimi dieci anni, grazie al prezioso lavoro di Cosmo Mitrano e dell\u2019intera squadra di governo, abbiamo tracciato la rotta del fare, e Gaeta si \u00e8 proiettata nel futuro. Nei prossimi anni, avremo a disposizione opportunit\u00e0 molto importanti, che non possiamo correre il rischio di perdere: le nuove scommesse del PNRR, della digitalizzazione, dello sviluppo economico-turistico e della rivoluzione verde.<br \/>\nDobbiamo saper coniugare tutto ci\u00f2 con la qualit\u00e0 della nostra vita, l\u2019inclusione sociale e la salvaguardia del patrimonio pi\u00f9 grande che custodiamo: la cultura, la storia e l\u2019ambiente. Per questo, \u00e8 necessario andare avanti e mettere in campo le migliori energie che vanta la nostra Citt\u00e0. Dobbiamo rimboccarci le maniche e lavorare sodo, per rendere la nostra meravigliosa Gaeta ancora pi\u00f9 grande\u201d.<\/p>\n<p style=\"text-align: justify;\">La coalizione ha inoltre deciso di avviare i lavori per un vero e proprio laboratorio di idee e progetti, un reale spazio di \u201ccoworking\u201d, in vista della definizione del programma elettorale. Si<br \/>\nchiamer\u00e0 \u201cLAB32\u201d, ossia Laboratorio Programmatico 2022-2032.<\/p>\n","protected":false},"excerpt":{"rendered":"<p>GAETA &#8211; Cristian Leccese \u00e8 l&#8217;aspirante successore di Cosmo Mitrano alla guida di Gaeta. Ad ufficializzare la candidature alle prossime amministrative sono stati lo stesso sindaco e il diretto interessato. &#8220;E&#8217; il punto di inizio di una nuova sfida politica ed elettorale: quella del rinnovamento, sulla scia della continuit\u00e0 &#8211;\u00a0 ha detto Mitrano dopo la [&hellip;]<\/p>\n","protected":false},"author":62,"featured_media":303344,"comment_status":"open","ping_status":"open","sticky":false,"template":"","format":"standard","meta":{"footnotes":""},"categories":[8],"tags":[],"class_list":["post-303329","post","type-post","status-publish","format-standard","has-post-thumbnail","hentry","category-politica"],"_links":{"self":[{"href":"https:\/\/www.radioluna.it\/news\/wp-json\/wp\/v2\/posts\/303329","targetHints":{"allow":["GET"]}}],"collection":[{"href":"https:\/\/www.radioluna.it\/news\/wp-json\/wp\/v2\/posts"}],"about":[{"href":"https:\/\/www.radioluna.it\/news\/wp-json\/wp\/v2\/types\/post"}],"author":[{"embeddable":true,"href":"https:\/\/www.radioluna.it\/news\/wp-json\/wp\/v2\/users\/62"}],"replies":[{"embeddable":true,"href":"https:\/\/www.radioluna.it\/news\/wp-json\/wp\/v2\/comments?post=303329"}],"version-history":[{"count":0,"href":"https:\/\/www.radioluna.it\/news\/wp-json\/wp\/v2\/posts\/303329\/revisions"}],"wp:featuredmedia":[{"embeddable":true,"href":"https:\/\/www.radioluna.it\/news\/wp-json\/wp\/v2\/media\/303344"}],"wp:attachment":[{"href":"https:\/\/www.radioluna.it\/news\/wp-json\/wp\/v2\/media?parent=303329"}],"wp:term":[{"taxonomy":"category","embeddable":true,"href":"https:\/\/www.radioluna.it\/news\/wp-json\/wp\/v2\/categories?post=303329"},{"taxonomy":"post_tag","embeddable":true,"href":"https:\/\/www.radioluna.it\/news\/wp-json\/wp\/v2\/tags?post=303329"}],"curies":[{"name":"wp","href":"https:\/\/api.w.org\/{rel}","templated":true}]}}