{"id":303495,"date":"2021-12-31T10:48:49","date_gmt":"2021-12-31T09:48:49","guid":{"rendered":"https:\/\/www.radioluna.it\/news\/?p=303495"},"modified":"2022-01-04T14:03:24","modified_gmt":"2022-01-04T13:03:24","slug":"il-2022-sara-lanno-della-progettazione-damiano-coletta-traccia-il-bilancio-del-12-mesi-appena-passati-e-guarda-al-futuro","status":"publish","type":"post","link":"https:\/\/www.radioluna.it\/news\/2021\/12\/il-2022-sara-lanno-della-progettazione-damiano-coletta-traccia-il-bilancio-del-12-mesi-appena-passati-e-guarda-al-futuro\/","title":{"rendered":"&#8220;Il 2022 sar\u00e0 l&#8217;anno della progettazione&#8221;, Damiano Coletta traccia il bilancio del 12 mesi appena passati e guarda al futuro"},"content":{"rendered":"<div id=\"fb-root\"><\/div>\n<p style=\"text-align: justify;\"><strong>LATINA &#8211;\u00a0<\/strong>&#8220;Un anno particolare quello appena passato con i cittadini che hanno scelto di farmi continuare il lavoro iniziato 5 anni fa. Il prossimo sar\u00e0 quello della progettazione perch\u00e8 \u00e8 dalle citt\u00e0 che deve ripartire il paese&#8221;, sono le parole del sindaco Damiano Coletta che ai nostri microfoni ha fatto il bilancio del 2021 e ha spiegato quali sono i propostiti per il 2022.<\/p>\n<p>Ha colto l&#8217;occasione per augurare un buon anno ai cittadini e alle cittadine di Latina.<\/p>\n<p>L&#8217;intervista \u00e8 a cura di Domenico Ippoliti<\/p>\n<audio class=\"wp-audio-shortcode\" id=\"audio-303495-1\" preload=\"none\" style=\"width: 100%;\" controls=\"controls\"><source type=\"audio\/mpeg\" src=\"https:\/\/www.radioluna.it\/news\/wp-content\/uploads\/2021\/12\/coletta-auguri-2021.mp3?_=1\" \/><a href=\"https:\/\/www.radioluna.it\/news\/wp-content\/uploads\/2021\/12\/coletta-auguri-2021.mp3\">https:\/\/www.radioluna.it\/news\/wp-content\/uploads\/2021\/12\/coletta-auguri-2021.mp3<\/a><\/audio>\n","protected":false},"excerpt":{"rendered":"<p>LATINA &#8211;\u00a0&#8220;Un anno particolare quello appena passato con i cittadini che hanno scelto di farmi continuare il lavoro iniziato 5 anni fa. Il prossimo sar\u00e0 quello della progettazione perch\u00e8 \u00e8 dalle citt\u00e0 che deve ripartire il paese&#8221;, sono le parole del sindaco Damiano Coletta che ai nostri microfoni ha fatto il bilancio del 2021 e [&hellip;]<\/p>\n","protected":false},"author":60,"featured_media":300037,"comment_status":"open","ping_status":"open","sticky":false,"template":"","format":"standard","meta":{"footnotes":""},"categories":[2310,2403,8],"tags":[],"class_list":["post-303495","post","type-post","status-publish","format-standard","has-post-thumbnail","hentry","category-audio","category-le-cose-in-comune","category-politica"],"_links":{"self":[{"href":"https:\/\/www.radioluna.it\/news\/wp-json\/wp\/v2\/posts\/303495","targetHints":{"allow":["GET"]}}],"collection":[{"href":"https:\/\/www.radioluna.it\/news\/wp-json\/wp\/v2\/posts"}],"about":[{"href":"https:\/\/www.radioluna.it\/news\/wp-json\/wp\/v2\/types\/post"}],"author":[{"embeddable":true,"href":"https:\/\/www.radioluna.it\/news\/wp-json\/wp\/v2\/users\/60"}],"replies":[{"embeddable":true,"href":"https:\/\/www.radioluna.it\/news\/wp-json\/wp\/v2\/comments?post=303495"}],"version-history":[{"count":0,"href":"https:\/\/www.radioluna.it\/news\/wp-json\/wp\/v2\/posts\/303495\/revisions"}],"wp:featuredmedia":[{"embeddable":true,"href":"https:\/\/www.radioluna.it\/news\/wp-json\/wp\/v2\/media\/300037"}],"wp:attachment":[{"href":"https:\/\/www.radioluna.it\/news\/wp-json\/wp\/v2\/media?parent=303495"}],"wp:term":[{"taxonomy":"category","embeddable":true,"href":"https:\/\/www.radioluna.it\/news\/wp-json\/wp\/v2\/categories?post=303495"},{"taxonomy":"post_tag","embeddable":true,"href":"https:\/\/www.radioluna.it\/news\/wp-json\/wp\/v2\/tags?post=303495"}],"curies":[{"name":"wp","href":"https:\/\/api.w.org\/{rel}","templated":true}]}}