{"id":303558,"date":"2022-01-03T12:48:10","date_gmt":"2022-01-03T11:48:10","guid":{"rendered":"https:\/\/www.radioluna.it\/news\/?p=303558"},"modified":"2022-01-03T14:10:25","modified_gmt":"2022-01-03T13:10:25","slug":"covid-scendono-i-casi-che-sono-208-morti-tre-pazienti-nelle-ultime-24-ore","status":"publish","type":"post","link":"https:\/\/www.radioluna.it\/news\/2022\/01\/covid-scendono-i-casi-che-sono-208-morti-tre-pazienti-nelle-ultime-24-ore\/","title":{"rendered":"Covid, scendono i casi che sono 208, morti tre pazienti nelle ultime 24 ore"},"content":{"rendered":"<div id=\"fb-root\"><\/div>\n<p style=\"text-align: justify;\"><strong>LATINA<\/strong> &#8211; Tornano di poco sopra quota 200 i nuovi casi positivi al covid nelle ultime 24 ore a Latina e provincia: sono stati 208 a fronte di soli 700 tamponi eseguiti (di cui 600 circa molecolari), con esito di positivit\u00e0 registrato in un caso su tre. Presto per dire se il numero sia indicativo di una reale discesa della curva o meno, considerando anche che il picco \u00e8 atteso dalle autorit\u00e0 sanitarie a met\u00e0 gennaio, quando saranno esauriti i festeggiamenti del Natale e le occasioni di ritrovo familiare conviviale.<\/p>\n<p style=\"text-align: justify;\">Sul fronte dei casi gravi il bilancio di inizio anno \u00e8 pesante: tre pazienti sono deceduti a causa del virus (703 da inizio pandemia) che porta a cinque vittime questo triste conteggio soltanto nei primi tre giorni del 2022. Si tratta di due donne e un uomo originari di Formia, Latina e Itri, la pi\u00f9 giovane aveva 71 anni.<\/p>\n<p style=\"text-align: justify;\">Nessun comune ha registrato contagi a tre cifre: Latina \u00e8 ancora in testa alla classifica con 78 casi, seguita da Aprilia con 45, 17 a Cisterna, 10 a Terracina, tutti sotto i 10 casi gli altri comuni come indica il report ufficiale: Castelforte 2,\u00a0 Cori 6, Fondi 8, Formia 6, Gaeta 4, Itri 1, Minturno 4, Monte San Biagio 2, Norma 4, Pontinia 1, Roccagorga 1, Sabaudia 5, San Felice Circeo 3, Santi Cosma e Damiano 3, Sermoneta 7, Sperlonga 1, Ventotene 1.<\/p>\n<p style=\"text-align: justify;\">Le vaccinazioni eseguite sono in numero inferiore rispetto alla media: 3438 ma con un incremento netto delle prime dosi, 585.<\/p>\n","protected":false},"excerpt":{"rendered":"<p>LATINA &#8211; Tornano di poco sopra quota 200 i nuovi casi positivi al covid nelle ultime 24 ore a Latina e provincia: sono stati 208 a fronte di soli 700 tamponi eseguiti (di cui 600 circa molecolari), con esito di positivit\u00e0 registrato in un caso su tre. Presto per dire se il numero sia indicativo [&hellip;]<\/p>\n","protected":false},"author":62,"featured_media":303559,"comment_status":"open","ping_status":"open","sticky":false,"template":"","format":"standard","meta":{"footnotes":""},"categories":[2616],"tags":[],"class_list":["post-303558","post","type-post","status-publish","format-standard","has-post-thumbnail","hentry","category-sanita"],"_links":{"self":[{"href":"https:\/\/www.radioluna.it\/news\/wp-json\/wp\/v2\/posts\/303558","targetHints":{"allow":["GET"]}}],"collection":[{"href":"https:\/\/www.radioluna.it\/news\/wp-json\/wp\/v2\/posts"}],"about":[{"href":"https:\/\/www.radioluna.it\/news\/wp-json\/wp\/v2\/types\/post"}],"author":[{"embeddable":true,"href":"https:\/\/www.radioluna.it\/news\/wp-json\/wp\/v2\/users\/62"}],"replies":[{"embeddable":true,"href":"https:\/\/www.radioluna.it\/news\/wp-json\/wp\/v2\/comments?post=303558"}],"version-history":[{"count":0,"href":"https:\/\/www.radioluna.it\/news\/wp-json\/wp\/v2\/posts\/303558\/revisions"}],"wp:featuredmedia":[{"embeddable":true,"href":"https:\/\/www.radioluna.it\/news\/wp-json\/wp\/v2\/media\/303559"}],"wp:attachment":[{"href":"https:\/\/www.radioluna.it\/news\/wp-json\/wp\/v2\/media?parent=303558"}],"wp:term":[{"taxonomy":"category","embeddable":true,"href":"https:\/\/www.radioluna.it\/news\/wp-json\/wp\/v2\/categories?post=303558"},{"taxonomy":"post_tag","embeddable":true,"href":"https:\/\/www.radioluna.it\/news\/wp-json\/wp\/v2\/tags?post=303558"}],"curies":[{"name":"wp","href":"https:\/\/api.w.org\/{rel}","templated":true}]}}