{"id":303634,"date":"2022-01-04T18:11:59","date_gmt":"2022-01-04T17:11:59","guid":{"rendered":"https:\/\/www.radioluna.it\/news\/?p=303634"},"modified":"2022-01-05T13:08:09","modified_gmt":"2022-01-05T12:08:09","slug":"covid-pronti-i-drive-in-per-le-scuole-a-latina-terracina-priverno-fondi-e-gaeta","status":"publish","type":"post","link":"https:\/\/www.radioluna.it\/news\/2022\/01\/covid-pronti-i-drive-in-per-le-scuole-a-latina-terracina-priverno-fondi-e-gaeta\/","title":{"rendered":"Covid, pronti i drive-in per le scuole a Latina, Terracina, Priverno, Fondi e Gaeta"},"content":{"rendered":"<div id=\"fb-root\"><\/div>\n<p style=\"text-align: justify;\"><strong>LATINA &#8211; <\/strong>A partire dal 7 gennaio professori e studenti potranno decidere di sottoporsi (gratuitamente) al test antigenico per la ricerca del Sars Cov 2 presso 27 drive-in operanti\u00a0 sul territorio della Regione Lazio. Subito dopo l&#8217;Epifania infatti si attiver\u00e0 sulla piattaforma <a class=\"oajrlxb2 g5ia77u1 qu0x051f esr5mh6w e9989ue4 r7d6kgcz rq0escxv nhd2j8a9 nc684nl6 p7hjln8o kvgmc6g5 cxmmr5t8 oygrvhab hcukyx3x jb3vyjys rz4wbd8a qt6c0cv9 a8nywdso i1ao9s8h esuyzwwr f1sip0of lzcic4wl gpro0wi8 py34i1dx\" tabindex=\"0\" role=\"link\" href=\"https:\/\/prenota-drive.regione.lazio.it\/main\/home?fbclid=IwAR1-zeFd73ozq47u7ycfyEuYmQVYJd8W7gReDnJXQhbuBe0mQ5jAJf88_R8\" target=\"_blank\" rel=\"nofollow noopener\">https:\/\/prenota-drive.regione.lazio.it\/main\/home<\/a>\u00a0 la possibilit\u00e0 di prenotare il tampone rapido per un rientro (pi\u00f9) sicuro in classe. Baster\u00e0 la tessera sanitaria e l&#8217;indicazione dell\u2019Istituto scolastico di appartenenza.<\/p>\n<p style=\"text-align: justify;\">A Fondi, proprio grazie all&#8217;attivit\u00e0 di screening da parte della squadra della Croce Rossa locale che sta effettuando tamponi a studenti e docenti secondo un fittissimo calendario, sono emersi pi\u00f9 positivi e il sindaco Beniamino Maschietto ha deciso con ordinanza &#8220;per il giorno 07.01.2022 la sospensione dell&#8217;attivit\u00e0 didattica di tutte le scuole di ogni ordine e grado di Fondi&#8221;. Il calendario scolastico della Regione prevede infatti il rientro in classe dopo le Feste di Natale per venerd\u00ec\u00a0 7 gennaio e molte scuole non hanno adottato variazioni.<\/p>\n<p style=\"text-align: justify;\">In provincia di Latina, le postazioni riservate alle scuole per lo screening post festivo saranno attive presso la ex Rossi Sud nel capoluogo, presso la \u00a0Casa della Salute di Priverno, l\u2019ospedale Fiorini di Terracina e il Don Di Liegro di Gaeta.<\/p>\n<p style=\"text-align: justify;\">\n","protected":false},"excerpt":{"rendered":"<p>LATINA &#8211; A partire dal 7 gennaio professori e studenti potranno decidere di sottoporsi (gratuitamente) al test antigenico per la ricerca del Sars Cov 2 presso 27 drive-in operanti\u00a0 sul territorio della Regione Lazio. Subito dopo l&#8217;Epifania infatti si attiver\u00e0 sulla piattaforma https:\/\/prenota-drive.regione.lazio.it\/main\/home\u00a0 la possibilit\u00e0 di prenotare il tampone rapido per un rientro (pi\u00f9) sicuro [&hellip;]<\/p>\n","protected":false},"author":62,"featured_media":303635,"comment_status":"open","ping_status":"open","sticky":false,"template":"","format":"standard","meta":{"footnotes":""},"categories":[7,2616],"tags":[],"class_list":["post-303634","post","type-post","status-publish","format-standard","has-post-thumbnail","hentry","category-cronaca","category-sanita"],"_links":{"self":[{"href":"https:\/\/www.radioluna.it\/news\/wp-json\/wp\/v2\/posts\/303634","targetHints":{"allow":["GET"]}}],"collection":[{"href":"https:\/\/www.radioluna.it\/news\/wp-json\/wp\/v2\/posts"}],"about":[{"href":"https:\/\/www.radioluna.it\/news\/wp-json\/wp\/v2\/types\/post"}],"author":[{"embeddable":true,"href":"https:\/\/www.radioluna.it\/news\/wp-json\/wp\/v2\/users\/62"}],"replies":[{"embeddable":true,"href":"https:\/\/www.radioluna.it\/news\/wp-json\/wp\/v2\/comments?post=303634"}],"version-history":[{"count":0,"href":"https:\/\/www.radioluna.it\/news\/wp-json\/wp\/v2\/posts\/303634\/revisions"}],"wp:featuredmedia":[{"embeddable":true,"href":"https:\/\/www.radioluna.it\/news\/wp-json\/wp\/v2\/media\/303635"}],"wp:attachment":[{"href":"https:\/\/www.radioluna.it\/news\/wp-json\/wp\/v2\/media?parent=303634"}],"wp:term":[{"taxonomy":"category","embeddable":true,"href":"https:\/\/www.radioluna.it\/news\/wp-json\/wp\/v2\/categories?post=303634"},{"taxonomy":"post_tag","embeddable":true,"href":"https:\/\/www.radioluna.it\/news\/wp-json\/wp\/v2\/tags?post=303634"}],"curies":[{"name":"wp","href":"https:\/\/api.w.org\/{rel}","templated":true}]}}