{"id":304384,"date":"2022-01-17T14:07:48","date_gmt":"2022-01-17T13:07:48","guid":{"rendered":"https:\/\/www.radioluna.it\/news\/?p=304384"},"modified":"2022-01-18T13:09:04","modified_gmt":"2022-01-18T12:09:04","slug":"tassa-rifiuti-il-comune-di-latina-potenzia-il-servizio","status":"publish","type":"post","link":"https:\/\/www.radioluna.it\/news\/2022\/01\/tassa-rifiuti-il-comune-di-latina-potenzia-il-servizio\/","title":{"rendered":"Tassa rifiuti, il Comune di Latina potenzia il servizio"},"content":{"rendered":"<div id=\"fb-root\"><\/div>\n<p style=\"text-align: justify;\"><strong>LATINA<\/strong> &#8211; Ridurre i tempi di ricevimento, spalmare le bollette Tari che oggi si concentrano tutte a fine anno e, per chi vorr\u00e0, possibilit\u00e0\u00a0 di pagare tutto l&#8217;importo con un unico F24. Sono alcuni degli obiettivi che si \u00e8 dato l\u2019Ufficio Tari del Comune di Latina attraverso una serie di interventi migliorativi dell\u2019assetto organizzativo del servizio in un momento in cui gli appuntamenti al cittadino vengono fissati a 60 giorni e sono state non poche le lamentele di chi si \u00e8 trovato a pagare la tassa di un anno, praticamente in un solo mese.<\/p>\n<p style=\"text-align: justify;\">\u00ab\u00c8 assolutamente necessario \u2013 spiega<strong> l\u2019Assessore ai Tributi Massimo Mellacina<\/strong> \u2013 migliorare il rapporto tra l\u2019ufficio e il cittadino affinch\u00e9 quest\u2019ultimo possa ottenere riscontri alle proprie istanze in tempi ragionevoli e, quando il caso lo richiede, avere la possibilit\u00e0 di accedere di persona agli uffici comunali. A partire dal 13 dicembre scorso, attraverso l\u2019impiego di un operatore dedicato, l\u2019Ufficio Tari ha ampliato gli orari e i giorni di attivazione del <strong>Numero Verde 800254999<\/strong>, ora raggiungibile dal luned\u00ec al venerd\u00ec nella fascia oraria 9.00-13.00 e il marted\u00ec e gioved\u00ec anche dalle 15.00 alle 17.00. Dal 7 gennaio, inoltre, sono stati messi a disposizione due operatori per ciascun turno e da oggi, luned\u00ec 17 gennaio, gli operatori sono stati aumentati a tre\u00bb.<\/p>\n<p style=\"text-align: justify;\">\u00abOltre al Numero Verde dedicato alla prima informazione \u2013 prosegue l\u2019Assessore Mellacina \u2013 <strong>per lo svolgimento delle pratiche \u00e8 attivo il servizio di appuntamenti on line<\/strong>, prenotabile per quattro giorni a<br \/>\nsettimana, il luned\u00ec, marted\u00ec, gioved\u00ec e venerd\u00ec dalle 8:40 alle 13:00, e il marted\u00ec e gioved\u00ec anche il pomeriggio dalle 15:00 alle 17:00. Gli appuntamenti on line possono essere prenotati attraverso il sito istituzionale e nel giorno e nell\u2019orario stabilito il contribuente viene contattato telefonicamente dall\u2019ufficio per espletare la pratica relativa alla tassa sui rifiuti. Attualmente a tale servizio sono dedicati due operatori per turno.<br \/>\nPurtroppo, visto l\u2019altissimo numero di richieste, a<strong>d oggi la prima data utile per fissare un appuntamento telefonico \u00e8 a 60 giorni, un termine assolutamente troppo lungo.<\/strong> Ridurre questi tempi di attesa \u00e8 un obiettivo prioritario. Inoltre, l\u2019Ufficio Tari si \u00e8 gi\u00e0 attivato per la messa in sicurezza, dai rischi di contagio da Covid-19, di due sportelli dedicati all\u2019accoglimento in presenza di quei contribuenti che, privi di strumentazione informatica, ne facciano espressa richiesta a seguito di contatto telefonico. <strong>Confidiamo di riuscire a far partire il ricevimento in presenza, previo appuntamento, dal mese di febbraio<\/strong>\u00bb.<\/p>\n<p style=\"text-align: justify;\">\u00ab<strong>Per l\u2019annualit\u00e0 2022 \u2013 conclude l\u2019Assessore ai Tributi \u2013 \u00e8 in fase di predisposizione una proposta di deliberazione della Giunta Comunale che prevede la riscossione della Tari in quattro rate, spalmate tra<\/strong><br \/>\n<strong>marzo e dicembre (31 marzo, 30 giugno, 15 settembre e 15 dicembre)<\/strong>, tre in acconto, calcolate con le tariffe del 2021 e una rata a conguaglio a dicembre, calcolata con le tariffe da approvarsi per il 2022 che, secondo la vigente normativa, possono applicarsi solo a far data dal 1 dicembre. In ordine alla possibilit\u00e0 del pagamento della Tari in un\u2019unica soluzione, nella proposta \u00e8 prevista anche la possibilit\u00e0 di pagare con un unico F24 l\u2019importo complessivo delle tre rate di acconto Tari 2022\u00bb.<\/p>\n","protected":false},"excerpt":{"rendered":"<p>LATINA &#8211; Ridurre i tempi di ricevimento, spalmare le bollette Tari che oggi si concentrano tutte a fine anno e, per chi vorr\u00e0, possibilit\u00e0\u00a0 di pagare tutto l&#8217;importo con un unico F24. Sono alcuni degli obiettivi che si \u00e8 dato l\u2019Ufficio Tari del Comune di Latina attraverso una serie di interventi migliorativi dell\u2019assetto organizzativo del [&hellip;]<\/p>\n","protected":false},"author":62,"featured_media":304385,"comment_status":"open","ping_status":"open","sticky":false,"template":"","format":"standard","meta":{"footnotes":""},"categories":[735,2403],"tags":[],"class_list":["post-304384","post","type-post","status-publish","format-standard","has-post-thumbnail","hentry","category-attualita","category-le-cose-in-comune"],"_links":{"self":[{"href":"https:\/\/www.radioluna.it\/news\/wp-json\/wp\/v2\/posts\/304384","targetHints":{"allow":["GET"]}}],"collection":[{"href":"https:\/\/www.radioluna.it\/news\/wp-json\/wp\/v2\/posts"}],"about":[{"href":"https:\/\/www.radioluna.it\/news\/wp-json\/wp\/v2\/types\/post"}],"author":[{"embeddable":true,"href":"https:\/\/www.radioluna.it\/news\/wp-json\/wp\/v2\/users\/62"}],"replies":[{"embeddable":true,"href":"https:\/\/www.radioluna.it\/news\/wp-json\/wp\/v2\/comments?post=304384"}],"version-history":[{"count":0,"href":"https:\/\/www.radioluna.it\/news\/wp-json\/wp\/v2\/posts\/304384\/revisions"}],"wp:featuredmedia":[{"embeddable":true,"href":"https:\/\/www.radioluna.it\/news\/wp-json\/wp\/v2\/media\/304385"}],"wp:attachment":[{"href":"https:\/\/www.radioluna.it\/news\/wp-json\/wp\/v2\/media?parent=304384"}],"wp:term":[{"taxonomy":"category","embeddable":true,"href":"https:\/\/www.radioluna.it\/news\/wp-json\/wp\/v2\/categories?post=304384"},{"taxonomy":"post_tag","embeddable":true,"href":"https:\/\/www.radioluna.it\/news\/wp-json\/wp\/v2\/tags?post=304384"}],"curies":[{"name":"wp","href":"https:\/\/api.w.org\/{rel}","templated":true}]}}