{"id":304457,"date":"2022-01-18T18:20:46","date_gmt":"2022-01-18T17:20:46","guid":{"rendered":"https:\/\/www.radioluna.it\/news\/?p=304457"},"modified":"2022-01-26T09:44:53","modified_gmt":"2022-01-26T08:44:53","slug":"in-bici-sulla-barletta-formia-roma-ricordando-mennea","status":"publish","type":"post","link":"https:\/\/www.radioluna.it\/news\/2022\/01\/in-bici-sulla-barletta-formia-roma-ricordando-mennea\/","title":{"rendered":"In bici sulla Barletta-Formia-Roma ricordando Mennea"},"content":{"rendered":"<div id=\"fb-root\"><\/div>\n<p style=\"text-align: justify;\"><strong>FORMIA<\/strong> &#8211; L\u2019associazione culturale Pedalando nella Storia \u2013 Maurice Garin presenta l<strong>a Cicloavventura Barletta-Formia-Roma: sulle strade della Freccia del Sud, nel 70\u00b0 anniversario della nascita di Pietro Mennea<\/strong>. L\u2019evento cicloturistico, che si terr\u00e0 da mercoled\u00ec 19 gennaio a sabato 22, <strong>\u00e8 spalmato su quattro tappe per un totale di 550 km con un dislivello di 4.800 m circa.<\/strong> La partenza \u00e8 fissata mercoled\u00ec 19 gennaio da Barletta per arrivare allo Stadio dei Marmi \u201cPietro Mennea\u201d all\u2019interno del Foro Italico di Roma<strong>, passando per Formia nella giornata di venerd\u00ec 21:<\/strong> la manifestazione \u00e8 organizzata dal Comune di Barletta, in partnership con il Team Off Road Asd Barletta e patrocinata dalla Fondazione Pietro Mennea &#8211; onlus di carattere filantropico che l\u2019atleta fond\u00f2 nel 2006 insieme alla moglie Manuela Olivieri &#8211; dal Coni, dall\u2019Unione italiana ciechi e ipovedenti, e dai Comuni di Formia e Roma.<\/p>\n<p style=\"text-align: justify;\">La ciclopedalata \u00e8 il primo appuntamento di una serie di attivit\u00e0 sportive ed eventi incentrati intorno al nome del celeberrimo velocista pugliese (olimpionico sui 200 metri piani a Mosca \u201880 e primatista mondiale della specialit\u00e0 dal \u201879 al \u201896 con il tempo di 19\u201d72 che costituisce tutt\u2019ora il record europeo) che si concluder\u00e0 con l\u2019annuale \u201cMennea Day\u201d del 12 settembre.<\/p>\n<p style=\"text-align: justify;\">\u201cL\u2019obiettivo \u00e8 di conciliare l\u2019educazione delle giovani generazioni alla pratica sportiva in modo sostenibile per l\u2019ambiente e Formia non poteva non ricordare una icona come Mennea, che qui costru\u00ec insieme ad altri campioni del passato le imprese pi\u00f9 suggestive ed emozionanti \u2013 sottolinea<strong> il sindaco Gianluca Taddeo<\/strong> &#8211; Formia \u00e8 sempre stata la culla dello sport mondiale grazie alla sua storia e soprattutto al nostro gioiello che \u00e8 il Centro di preparazione olimpica e dove la Rai realizz\u00f2, tra l\u2019altro, nel 2015 la miniserie televisiva \u2018Pietro Mennea \u2013 La Freccia del Sud\u2019 che ripercorse tutta la sua carriera agonistica: dagli allenamenti con il professor Carlo Vittori, al record mondiale dei 200 piani e ad altre eccezionali vittorie. Un racconto appassionato e indimenticato che resta scolpito nella memoria di tutti noi e diventato leggenda, con la nostra citt\u00e0 grande protagonista sulle scene nazionali e internazionali\u201d.<\/p>\n<p style=\"text-align: justify;\">\u201cNel novembre 2015, nell\u2019ambito del 60esimo anniversario del Centro di preparazione olimpica \u201cBruno Zauli\u201d \u2013 commenta <strong>l\u2019assessora allo Sport Eleonora Zangrillo<\/strong> \u2013 gli fu intitolato il viale con la targa raffigurante la scritta Viale Pietro Mennea. 19&#8243;72 WR, regalando il giusto tributo ad un uomo che a Formia si forgi\u00f2 come atleta e come uomo, un personaggio schivo e silenzioso, che preferiva far parlare di s\u00e9 in pista. La nostra citt\u00e0 \u00e8 particolarmente legata alla sua figura e questa iniziativa rappresenta l\u2019occasione migliore per rievocarne le gesta\u201d.<\/p>\n<p style=\"text-align: justify;\">Il programma della Cicloavventura, che <strong>vedr\u00e0 la partecipazione di undici ciclisti \u2013 al via anche tre atleti paralimpici, Graziano Gallusi e Lorenzo Genovese, entrambi non vedenti<\/strong>, che pedaleranno con le rispettive guide sui tandem, e il colonnello Carlo Calcagni vittima negli anni \u201990 di un\u2019intossicazione da uranio impoverito \u2013 partir\u00e0 mercoled\u00ec 19 alle 8.30 dal lungomare dedicato al velocista barlettano, per raggiungere la sua casa natale e poi dirigersi alla volta di Bovino, in provincia di Foggia, dove si concluder\u00e0 la prima tappa di 140 km. La seconda, in programma gioved\u00ec 20 alle ore 9.00 (141 km) sul percorso Bovino, Ariano Irpino, Benevento, Montesarchio, Caserta per arrivare a Santa Maria Capua Vetere. La terza, di 149 km (dislivello di 1.000 metri), salper\u00e0 venerd\u00ec 21 alle ore 8.00 da Santa Maria Capua Vetere e si snoder\u00e0 lungo la reggia borbonica di Real Sito di Carditello (prima sosta), Sessa Aurunca, per arrivare <strong>a Formia, dove si terr\u00e0 la seconda sosta al Centro di preparazione olimpica \u201cBruno Zauli\u201d. Poi si ripartir\u00e0 in direzione Fondi, passando per Terracina fino a Sabaudia.<\/strong><\/p>\n<p>La cicloavventura<strong> si concluder\u00e0 sabato 22 (start dalle 8.30) sull\u2019itinerario di 115 km Sabaudia-Anzio<\/strong>-via Laurentina-Roma con soste al Museo dello sbarco nella citt\u00e0 anziate e allo Stadio dei Marmi, che nel primo pomeriggio ospiter\u00e0 la cerimonia di chiusura.<\/p>\n","protected":false},"excerpt":{"rendered":"<p>FORMIA &#8211; L\u2019associazione culturale Pedalando nella Storia \u2013 Maurice Garin presenta la Cicloavventura Barletta-Formia-Roma: sulle strade della Freccia del Sud, nel 70\u00b0 anniversario della nascita di Pietro Mennea. L\u2019evento cicloturistico, che si terr\u00e0 da mercoled\u00ec 19 gennaio a sabato 22, \u00e8 spalmato su quattro tappe per un totale di 550 km con un dislivello di [&hellip;]<\/p>\n","protected":false},"author":62,"featured_media":304458,"comment_status":"open","ping_status":"open","sticky":false,"template":"","format":"standard","meta":{"footnotes":""},"categories":[17],"tags":[],"class_list":["post-304457","post","type-post","status-publish","format-standard","has-post-thumbnail","hentry","category-sport"],"_links":{"self":[{"href":"https:\/\/www.radioluna.it\/news\/wp-json\/wp\/v2\/posts\/304457","targetHints":{"allow":["GET"]}}],"collection":[{"href":"https:\/\/www.radioluna.it\/news\/wp-json\/wp\/v2\/posts"}],"about":[{"href":"https:\/\/www.radioluna.it\/news\/wp-json\/wp\/v2\/types\/post"}],"author":[{"embeddable":true,"href":"https:\/\/www.radioluna.it\/news\/wp-json\/wp\/v2\/users\/62"}],"replies":[{"embeddable":true,"href":"https:\/\/www.radioluna.it\/news\/wp-json\/wp\/v2\/comments?post=304457"}],"version-history":[{"count":0,"href":"https:\/\/www.radioluna.it\/news\/wp-json\/wp\/v2\/posts\/304457\/revisions"}],"wp:featuredmedia":[{"embeddable":true,"href":"https:\/\/www.radioluna.it\/news\/wp-json\/wp\/v2\/media\/304458"}],"wp:attachment":[{"href":"https:\/\/www.radioluna.it\/news\/wp-json\/wp\/v2\/media?parent=304457"}],"wp:term":[{"taxonomy":"category","embeddable":true,"href":"https:\/\/www.radioluna.it\/news\/wp-json\/wp\/v2\/categories?post=304457"},{"taxonomy":"post_tag","embeddable":true,"href":"https:\/\/www.radioluna.it\/news\/wp-json\/wp\/v2\/tags?post=304457"}],"curies":[{"name":"wp","href":"https:\/\/api.w.org\/{rel}","templated":true}]}}