{"id":304845,"date":"2022-01-25T17:33:37","date_gmt":"2022-01-25T16:33:37","guid":{"rendered":"https:\/\/www.radioluna.it\/news\/?p=304845"},"modified":"2022-01-28T09:35:41","modified_gmt":"2022-01-28T08:35:41","slug":"provincia-di-latina-stefanelli-subito-piano-assunzioni-e-piano-opere-pubbliche","status":"publish","type":"post","link":"https:\/\/www.radioluna.it\/news\/2022\/01\/provincia-di-latina-stefanelli-subito-piano-assunzioni-e-piano-opere-pubbliche\/","title":{"rendered":"Provincia di Latina, Stefanelli: &#8220;Subito piano assunzioni e piano opere pubbliche&#8221;"},"content":{"rendered":"<div id=\"fb-root\"><\/div>\n<p style=\"text-align: justify;\"><strong>LATINA &#8211; <\/strong>Dopo l&#8217;insediamento e un periodo di esplorazione, <strong>il neo presidente della Provincia Gerardo Stefanelli<\/strong>, ha le idee chiare sulla fase operativa che comporter\u00e0 l&#8217;immissione di forze fresche per dare impulso all&#8217;attivit\u00e0 dell&#8217;Ente che, con il Pnrr, deve essere pi\u00f9 che vitale. &#8220;Ho approfondito la conoscenza dello stato attuale dell&#8217;ente, e in questo momento mi sto dedicando alla riorganizzazione amministrativa, poi verr\u00e0 anche la fase politica&#8221;, ha detto nel corso di una conferenza stampa che si \u00e8 tenuta nell&#8217;aula Cambellotti del Palazzo della Provincia.<\/p>\n<p style=\"text-align: justify;\">I prossimi 100 giorni si annunciano densi, a cominciare dai prossimi passi: <strong>gioved\u00ec (il 27 gennaio) si insedieranno le commissioni consiliari e saranno eletti i rispettivi presidenti<\/strong> secondo uno schema che ha visto tutti i partiti mettersi velocemente d&#8217;accordo. Spetter\u00e0 a Stefanelli nominare poi il vicepresidente della Provincia, nome sul quale ha preferito mantenere riserbo. Quindi si comincer\u00e0 a preparare il<strong> bilancio<\/strong> che servir\u00e0 a dare gambe al <strong>Piano delle assunzioni e al Piano delle Opere Pubbliche<\/strong>.<\/p>\n<p style=\"text-align: justify;\">&#8220;Ci muoveremo secondo due principi: con coraggio, individuando soluzioni nuove, e con determinazione, per portarle a termine. Dobbiamo riprendere a correre per recuperare i sei mesi di (sostanziale) sospensione, e per soddisfare le esigenze e le aspettative che il territorio e le municipalit\u00e0 hanno nei confronti della Provincia di Latina&#8221;.<\/p>\n<p style=\"text-align: justify;\"><strong>I TEMI<\/strong> &#8211; Rifiuti, edilizia scolastica, strade, le questioni all&#8217;attenzione della presidenza, alcune anche molto spinose, come la prima delle tre. &#8220;Con la Regione Lazio abbiamo cominciato male, non \u00e8 stato certo un gesto di cortesia istituzionale commissariare la Provincia nel momento di passaggio, confidiamo che le decisioni saranno partecipate&#8221;.\u00a0 <strong>Quanto all&#8217;individuazione del sito di stoccaggio del secco residuo, che tante proteste aveva sollevato, Stefanelli spiega: &#8220;Esistono parametri ben definiti entro i quali muoversi e prendere decisioni. E&#8217; chiaro che l&#8217;area nord della Provincia \u00e8 quella a cui si guarda, non sar\u00e0 una scelta popolare, ma non mi sottrarr\u00f2&#8221;.<\/strong><\/p>\n<p style=\"text-align: justify;\">Quanto alla<strong> scuola<\/strong>, la promessa \u00e8 quella di vistare ogni istituto e di mettere in comunicazione tra loro gli studenti dei vari comuni perch\u00e9 possano imparare a ragionare in un&#8217;ottica pi\u00f9 ampia di quella comunale. Sul fronte degli investimenti, per il 2022 l&#8217;edilizia scolastica avr\u00e0<strong> risorse per circa 24 milioni<\/strong>. Di questi, meno di 2 ml sono per manutenzione ordinaria, mentre il resto riguardano nuove opere di cui 32 gi\u00e0 finanziate e di queste 25 in fase di progettazione, cinque in fase di appalto e due in fase di cantiere.<\/p>\n<p style=\"text-align: justify;\">&#8220;Durante il mandato,<strong> voglio percorrere tutte le strade provinciali<\/strong> &#8211; aggiunge Stefanelli &#8211; per rendermi conto di persona delle esigenze e visitare tutti e 33 i Comuni per portare la Provincia sui territori&#8221;. Non sar\u00e0 ovunque un viaggio comodo, anche se i fondi per le strade sono decisamente aumentati rispetto al passato:<strong> 9 milioni per la manutenzione e 7ml per ponti, viadotti e gallerie<\/strong>.<\/p>\n","protected":false},"excerpt":{"rendered":"<p>LATINA &#8211; Dopo l&#8217;insediamento e un periodo di esplorazione, il neo presidente della Provincia Gerardo Stefanelli, ha le idee chiare sulla fase operativa che comporter\u00e0 l&#8217;immissione di forze fresche per dare impulso all&#8217;attivit\u00e0 dell&#8217;Ente che, con il Pnrr, deve essere pi\u00f9 che vitale. &#8220;Ho approfondito la conoscenza dello stato attuale dell&#8217;ente, e in questo momento [&hellip;]<\/p>\n","protected":false},"author":62,"featured_media":304846,"comment_status":"open","ping_status":"open","sticky":false,"template":"","format":"standard","meta":{"footnotes":""},"categories":[8],"tags":[],"class_list":["post-304845","post","type-post","status-publish","format-standard","has-post-thumbnail","hentry","category-politica"],"_links":{"self":[{"href":"https:\/\/www.radioluna.it\/news\/wp-json\/wp\/v2\/posts\/304845","targetHints":{"allow":["GET"]}}],"collection":[{"href":"https:\/\/www.radioluna.it\/news\/wp-json\/wp\/v2\/posts"}],"about":[{"href":"https:\/\/www.radioluna.it\/news\/wp-json\/wp\/v2\/types\/post"}],"author":[{"embeddable":true,"href":"https:\/\/www.radioluna.it\/news\/wp-json\/wp\/v2\/users\/62"}],"replies":[{"embeddable":true,"href":"https:\/\/www.radioluna.it\/news\/wp-json\/wp\/v2\/comments?post=304845"}],"version-history":[{"count":0,"href":"https:\/\/www.radioluna.it\/news\/wp-json\/wp\/v2\/posts\/304845\/revisions"}],"wp:featuredmedia":[{"embeddable":true,"href":"https:\/\/www.radioluna.it\/news\/wp-json\/wp\/v2\/media\/304846"}],"wp:attachment":[{"href":"https:\/\/www.radioluna.it\/news\/wp-json\/wp\/v2\/media?parent=304845"}],"wp:term":[{"taxonomy":"category","embeddable":true,"href":"https:\/\/www.radioluna.it\/news\/wp-json\/wp\/v2\/categories?post=304845"},{"taxonomy":"post_tag","embeddable":true,"href":"https:\/\/www.radioluna.it\/news\/wp-json\/wp\/v2\/tags?post=304845"}],"curies":[{"name":"wp","href":"https:\/\/api.w.org\/{rel}","templated":true}]}}