{"id":305148,"date":"2022-01-29T12:04:45","date_gmt":"2022-01-29T11:04:45","guid":{"rendered":"https:\/\/www.radioluna.it\/news\/?p=305148"},"modified":"2022-02-01T11:19:34","modified_gmt":"2022-02-01T10:19:34","slug":"cori-la-piazza-di-santa-maria-della-pieta-sara-intitola-a-don-ottaviano-maurizi","status":"publish","type":"post","link":"https:\/\/www.radioluna.it\/news\/2022\/01\/cori-la-piazza-di-santa-maria-della-pieta-sara-intitola-a-don-ottaviano-maurizi\/","title":{"rendered":"Cori, la piazza di Santa Maria della Piet\u00e0 sar\u00e0 intitola a Don Ottaviano Maurizi"},"content":{"rendered":"<div id=\"fb-root\"><\/div>\n<p style=\"text-align: justify;\"><strong>CORI &#8211;<\/strong> Sar\u00e0 intitolata a don Ottaviano Maurizi la piazza adiacente Santa Maria della Piet\u00e0. Lo ha deliberato la Giunta comunale di Cori con l\u2019intento di valorizzare e tenere viva la memoria di figure emblematiche del territorio e in particolare di persone quali don Ottaviano, scomparso nel gennaio 2021 all\u2019et\u00e0 di 91 anni.<\/p>\n<p style=\"text-align: justify;\"><img loading=\"lazy\" decoding=\"async\" class=\"wp-image-305150 alignright\" src=\"https:\/\/www.radioluna.it\/news\/wp-content\/uploads\/2022\/01\/S.Maria-foto-Vincenzo-Corradini.jpg\" alt=\"\" width=\"345\" height=\"460\" \/><\/p>\n<p style=\"text-align: justify;\">Don Ottaviano Maurizi, infatti, ha guidato per sessanta anni la Collegiata di Santa Maria della Piet\u00e0 (dal 1968 al 2012), \u00e8 stato il parroco di Cori valle, profondamente attaccato alla Citt\u00e0 e alle istituzioni, ha sempre coltivato uno stretto rapporto con l\u2019ente comunale e con le varie amministrazioni succedutesi alla guida della Citt\u00e0 di Cori.<\/p>\n<p style=\"text-align: justify;\">\u201cDon Ottaviano \u2013 ricorda il sindaco, Mauro De Lillis &#8211; \u00e8 stato parroco di Santa Maria della Piet\u00e0 , dopo aver gi\u00e0 svolto servizio di viceparroco per circa 16 anni. Nato a Giulianello, ha praticamente trascorso tutta la sua vita a Cori, accompagnando generazioni di coresi in tappe fondamentali della vita. \u00c8 stato anche il mio parroco per tanti anni. Ci ha visti bambini, ragazzi e poi uomini e donne. Mille ricordi ci legano a lui, i ricordi di un\u2019esistenza intera\u201d.<\/p>\n","protected":false},"excerpt":{"rendered":"<p>CORI &#8211; Sar\u00e0 intitolata a don Ottaviano Maurizi la piazza adiacente Santa Maria della Piet\u00e0. Lo ha deliberato la Giunta comunale di Cori con l\u2019intento di valorizzare e tenere viva la memoria di figure emblematiche del territorio e in particolare di persone quali don Ottaviano, scomparso nel gennaio 2021 all\u2019et\u00e0 di 91 anni. Don Ottaviano [&hellip;]<\/p>\n","protected":false},"author":62,"featured_media":305149,"comment_status":"open","ping_status":"open","sticky":false,"template":"","format":"standard","meta":{"footnotes":""},"categories":[735],"tags":[],"class_list":["post-305148","post","type-post","status-publish","format-standard","has-post-thumbnail","hentry","category-attualita"],"_links":{"self":[{"href":"https:\/\/www.radioluna.it\/news\/wp-json\/wp\/v2\/posts\/305148","targetHints":{"allow":["GET"]}}],"collection":[{"href":"https:\/\/www.radioluna.it\/news\/wp-json\/wp\/v2\/posts"}],"about":[{"href":"https:\/\/www.radioluna.it\/news\/wp-json\/wp\/v2\/types\/post"}],"author":[{"embeddable":true,"href":"https:\/\/www.radioluna.it\/news\/wp-json\/wp\/v2\/users\/62"}],"replies":[{"embeddable":true,"href":"https:\/\/www.radioluna.it\/news\/wp-json\/wp\/v2\/comments?post=305148"}],"version-history":[{"count":0,"href":"https:\/\/www.radioluna.it\/news\/wp-json\/wp\/v2\/posts\/305148\/revisions"}],"wp:featuredmedia":[{"embeddable":true,"href":"https:\/\/www.radioluna.it\/news\/wp-json\/wp\/v2\/media\/305149"}],"wp:attachment":[{"href":"https:\/\/www.radioluna.it\/news\/wp-json\/wp\/v2\/media?parent=305148"}],"wp:term":[{"taxonomy":"category","embeddable":true,"href":"https:\/\/www.radioluna.it\/news\/wp-json\/wp\/v2\/categories?post=305148"},{"taxonomy":"post_tag","embeddable":true,"href":"https:\/\/www.radioluna.it\/news\/wp-json\/wp\/v2\/tags?post=305148"}],"curies":[{"name":"wp","href":"https:\/\/api.w.org\/{rel}","templated":true}]}}