{"id":305566,"date":"2022-02-05T11:13:12","date_gmt":"2022-02-05T10:13:12","guid":{"rendered":"https:\/\/www.radioluna.it\/news\/?p=305566"},"modified":"2022-02-05T11:13:12","modified_gmt":"2022-02-05T10:13:12","slug":"sabaudia-il-900-di-emilio-greco-in-quattro-eventi","status":"publish","type":"post","link":"https:\/\/www.radioluna.it\/news\/2022\/02\/sabaudia-il-900-di-emilio-greco-in-quattro-eventi\/","title":{"rendered":"Sabaudia, il \u2018900 di Emilio Greco in quattro eventi"},"content":{"rendered":"<div id=\"fb-root\"><\/div>\n<p style=\"text-align: justify;\"><strong>SABAUDIA &#8211;<\/strong> Prende il via la rassegna dal titolo \u201cIl \u2018900 di Emilio Greco\u201d, promossa dall\u2019Amministrazione comunale congiuntamente all\u2019Associazione Sabaudia Culturando, con il contributo della Regione Lazio: quattro eventi dedicati al celebre scultore e alla sua arte che sapranno impreziosire lo spazio museale e ammaliare i visitatori. Si inizia oggi, 5 febbraio, con un omaggio in musica e versi al sommo Dante Alighieri, attraverso l\u2019illustrazione della moneta che Emilio Greco realizz\u00f2 in suo onore. Si prosegue il 12 febbraio con un approfondimento sulla poesia del celebre scultore siciliano: per l\u2019occasione saranno lette le sue opere pi\u00f9 significative.<br \/>\nIl terzo appuntamento si terr\u00e0 il 20 di questo mese e consentir\u00e0 di esplorare un aspetto pi\u00f9 intimo della vita di Greco, ovvero il suo legame con la citt\u00e0 di Sabaudia: sar\u00e0 una gradita occasione anche per rimarcare l&#8217;orgoglio cittadino, dato che il Maestro pi\u00f9 volte ha dimostrato il suo affetto verso la Citt\u00e0, preferendola a molte altre destinazioni in Italia e all&#8217;estero. Il 27 febbraio si chiude il cerchio con il quarto evento della rassegna: con \u201cIn viaggio con Emilio Greco\u201d, si delineer\u00e0 la figura di Emilio Greco e della sua arte nel panorama artistico internazionale, approfondendo le sue esposizioni all&#8217;estero ed esplorando il retaggio lasciato nel mondo.<br \/>\nGli eventi si terranno alle ore 17.00 e prevedono l\u2019ingresso libero e gratuito, previa esibizione di green pass. \u00c8 obbligatoria per\u00f2 la prenotazione al numero 342.1789367 e la mascherina del tipo FFP2. \u201cDopo la rassegna dedicata ai pi\u00f9 piccini, siamo molto contenti di poter presentare un quartetto di eventi per tutti, finalizzato a far conoscere la figura e l\u2019arte di Emilio Greco esplorandone le fasi pi\u00f9 intime della sua produzione artistica e della sua vita. L\u2019attivit\u00e0, che per il suo valore culturale ha ricevuto il finanziamento della Regione Lazio per il suo valore culturale, va a chiudere un cerchio di programmazione della nostra associazione e ad aggiungere un tassello al nostro amore per uno spazio museale davvero speciale\u201d, il commento dell\u2019Associazione Sabaudia Culturando.<br \/>\n\u201cRingrazio l\u2019associazione Sabaudia Culturando per l\u2019ottimo lavoro finora svolto e per questa nuova occasione offerta alla nostra comunit\u00e0 e a quanti vorranno venire a Sabaudia per visitare il Museo Emilio Greco. La mia riconoscenza va altres\u00ec alla Regione Lazio per il finanziamento concesso ma soprattutto per la vicinanza che ha sempre dimostrato concretamente al nostro spazio museale. A cittadini e turisti rivolgo l\u2019invito a partecipare agli eventi, osservando le opere con gli occhi curiosi e pieni di stupore tipici dei bambini\u201d, il commento del consigliere delegato ai percorsi culturali, Francesca Avagliano.<\/p>\n","protected":false},"excerpt":{"rendered":"<p>SABAUDIA &#8211; Prende il via la rassegna dal titolo \u201cIl \u2018900 di Emilio Greco\u201d, promossa dall\u2019Amministrazione comunale congiuntamente all\u2019Associazione Sabaudia Culturando, con il contributo della Regione Lazio: quattro eventi dedicati al celebre scultore e alla sua arte che sapranno impreziosire lo spazio museale e ammaliare i visitatori. Si inizia oggi, 5 febbraio, con un omaggio [&hellip;]<\/p>\n","protected":false},"author":60,"featured_media":0,"comment_status":"open","ping_status":"open","sticky":false,"template":"","format":"standard","meta":{"footnotes":""},"categories":[16],"tags":[],"class_list":["post-305566","post","type-post","status-publish","format-standard","hentry","category-appuntamenti"],"_links":{"self":[{"href":"https:\/\/www.radioluna.it\/news\/wp-json\/wp\/v2\/posts\/305566","targetHints":{"allow":["GET"]}}],"collection":[{"href":"https:\/\/www.radioluna.it\/news\/wp-json\/wp\/v2\/posts"}],"about":[{"href":"https:\/\/www.radioluna.it\/news\/wp-json\/wp\/v2\/types\/post"}],"author":[{"embeddable":true,"href":"https:\/\/www.radioluna.it\/news\/wp-json\/wp\/v2\/users\/60"}],"replies":[{"embeddable":true,"href":"https:\/\/www.radioluna.it\/news\/wp-json\/wp\/v2\/comments?post=305566"}],"version-history":[{"count":0,"href":"https:\/\/www.radioluna.it\/news\/wp-json\/wp\/v2\/posts\/305566\/revisions"}],"wp:attachment":[{"href":"https:\/\/www.radioluna.it\/news\/wp-json\/wp\/v2\/media?parent=305566"}],"wp:term":[{"taxonomy":"category","embeddable":true,"href":"https:\/\/www.radioluna.it\/news\/wp-json\/wp\/v2\/categories?post=305566"},{"taxonomy":"post_tag","embeddable":true,"href":"https:\/\/www.radioluna.it\/news\/wp-json\/wp\/v2\/tags?post=305566"}],"curies":[{"name":"wp","href":"https:\/\/api.w.org\/{rel}","templated":true}]}}