{"id":306216,"date":"2022-02-16T09:31:53","date_gmt":"2022-02-16T08:31:53","guid":{"rendered":"https:\/\/www.radioluna.it\/news\/?p=306216"},"modified":"2022-02-16T09:36:12","modified_gmt":"2022-02-16T08:36:12","slug":"formia-ricorda-romeo-bondanese-a-un-anno-dallomicidio-del-17enne","status":"publish","type":"post","link":"https:\/\/www.radioluna.it\/news\/2022\/02\/formia-ricorda-romeo-bondanese-a-un-anno-dallomicidio-del-17enne\/","title":{"rendered":"Formia ricorda Romeo Bondanese a un anno dall&#8217;omicidio del 17enne"},"content":{"rendered":"<div id=\"fb-root\"><\/div>\n<p style=\"text-align: justify;\"><strong>FORMIA &#8211; <\/strong>Formia ricorda oggi, a distanza di un anno, Romeo Bondanese, il ragazzo morto a soli 17 anni dopo essere stato raggiunto da una coltellata durante una rissa nata per motivi di campanile. Ucciso da un coetaneo che \u00e8 ora sotto processo, il ragazzo sar\u00e0 ricordato prima con una Messa celebrata dall&#8217;arcivescovo Luigi Vari che si terr\u00e0 questa mattina alle 11 a San Paolo a Gaeta, poi\u00a0 alle 19 con un momento di raccoglimento a Ponte Tallini dove avvenne la tragedia la sera di Carnevale. Nessun corteo stasera, nessuna fiaccolata per le restrizioni dovute al covid, ma un momento per ricordare il ragazzo e ricordare ai giovani l&#8217;importanza di evitare sempre l&#8217;uso della violenza.<\/p>\n<p style=\"text-align: justify;\">Sotto processo per l&#8217;omicidio di Romeo ci sono cinque giovani,\u00a0 quattro ragazzi di Caserta, tra i quali il giovane di Casapulla accusato di omicidio preterintenzionale per aver sferrato il fendente che ha reciso l&#8217;arteria inguinale causando la morte del ragazzo, e il cugino della vittima rimasto anche lui ferito quella sera. Sono accusati a vario titolo di concorso in rissa, lesioni aggravate e detenzione di coltello.<\/p>\n","protected":false},"excerpt":{"rendered":"<p>FORMIA &#8211; Formia ricorda oggi, a distanza di un anno, Romeo Bondanese, il ragazzo morto a soli 17 anni dopo essere stato raggiunto da una coltellata durante una rissa nata per motivi di campanile. Ucciso da un coetaneo che \u00e8 ora sotto processo, il ragazzo sar\u00e0 ricordato prima con una Messa celebrata dall&#8217;arcivescovo Luigi Vari [&hellip;]<\/p>\n","protected":false},"author":62,"featured_media":297482,"comment_status":"open","ping_status":"open","sticky":false,"template":"","format":"standard","meta":{"footnotes":""},"categories":[735],"tags":[],"class_list":["post-306216","post","type-post","status-publish","format-standard","has-post-thumbnail","hentry","category-attualita"],"_links":{"self":[{"href":"https:\/\/www.radioluna.it\/news\/wp-json\/wp\/v2\/posts\/306216","targetHints":{"allow":["GET"]}}],"collection":[{"href":"https:\/\/www.radioluna.it\/news\/wp-json\/wp\/v2\/posts"}],"about":[{"href":"https:\/\/www.radioluna.it\/news\/wp-json\/wp\/v2\/types\/post"}],"author":[{"embeddable":true,"href":"https:\/\/www.radioluna.it\/news\/wp-json\/wp\/v2\/users\/62"}],"replies":[{"embeddable":true,"href":"https:\/\/www.radioluna.it\/news\/wp-json\/wp\/v2\/comments?post=306216"}],"version-history":[{"count":0,"href":"https:\/\/www.radioluna.it\/news\/wp-json\/wp\/v2\/posts\/306216\/revisions"}],"wp:featuredmedia":[{"embeddable":true,"href":"https:\/\/www.radioluna.it\/news\/wp-json\/wp\/v2\/media\/297482"}],"wp:attachment":[{"href":"https:\/\/www.radioluna.it\/news\/wp-json\/wp\/v2\/media?parent=306216"}],"wp:term":[{"taxonomy":"category","embeddable":true,"href":"https:\/\/www.radioluna.it\/news\/wp-json\/wp\/v2\/categories?post=306216"},{"taxonomy":"post_tag","embeddable":true,"href":"https:\/\/www.radioluna.it\/news\/wp-json\/wp\/v2\/tags?post=306216"}],"curies":[{"name":"wp","href":"https:\/\/api.w.org\/{rel}","templated":true}]}}