{"id":307021,"date":"2022-03-01T19:45:32","date_gmt":"2022-03-01T18:45:32","guid":{"rendered":"https:\/\/www.radioluna.it\/news\/?p=307021"},"modified":"2022-03-02T08:58:58","modified_gmt":"2022-03-02T07:58:58","slug":"latina-in-cattedrale-veglia-di-preghiera-per-la-pace-in-ucraina","status":"publish","type":"post","link":"https:\/\/www.radioluna.it\/news\/2022\/03\/latina-in-cattedrale-veglia-di-preghiera-per-la-pace-in-ucraina\/","title":{"rendered":"Latina, in Cattedrale veglia di preghiera per la pace in Ucraina"},"content":{"rendered":"<div id=\"fb-root\"><\/div>\n<p style=\"text-align: justify;\"><strong>LATINA<\/strong> &#8211;\u00a0Sulla scia di quanto ha chiesto papa Francesco, la diocesi di Latina-Terracina-Sezze-Priverno organizza un ulteriore momento di preghiera &#8220;per invocare il dono della pace in Ucraina&#8221;. L\u2019appuntamento \u00e8 per il gioved\u00ec 3 marzo, alle ore 20.30, nella cattedrale di San Marco a Latina, con la veglia di preghiera presieduta dal vescovo Mariano Crociata e organizzata dalla Consulta diocesana per le Aggregazioni laicali. Come ha spiegato don Massimo Capitani, delegato episcopale per le Aggregazioni laicali, \u00absiamo tutti invitati a partecipare e mai come in questo momento a far nostre le parole di p\u200bapa Francesco: La preghiera \u00e8 proprio la radice della pace. La pace \u00e8 sempre possibile e la nostra preghiera \u00e8 alla radice della pace. La preghiera fa germogliare la pace\u00bb.<\/p>\n<p style=\"text-align: justify;\">Nel frattempo, su indicazione del vescovo Crociata, nelle parrocchie pontine per il Mercoled\u00ec delle Ceneri \u2013 giornata di digiuno e preghiera &#8211; sono stati organizzati incontri comunitari specifici per la pace in Ucraina. \u00abUnire gesti penitenziali e implorazione orante \u00e8 la risposta dei credenti al dramma in corso \u2013 ha spiegato Crociata in una nota ai parroci -, che possono vivere cos\u00ec in piena sintonia con lo spirito quaresimale questo tempo speciale reso drammatico dalle notizie di un ritorno della guerra in territorio europeo e aspirano al recupero di una pace giusta e duratura\u00bb.<\/p>\n<p style=\"text-align: justify;\">Infine, la Caritas diocesana \u00e8 in fase di organizzazione delle attivit\u00e0 di supporto materiale alla popolazione colpita dalla guerra, secondo le indicazioni provenienti dalla\u00a0Caritas\u00a0italiana, che a sua volta si sta raccordando con le Caritas ucraine e dei Paesi confinanti che stanno offrendo il primo aiuto agli sfollati.<\/p>\n<p style=\"text-align: justify;\">\n","protected":false},"excerpt":{"rendered":"<p>LATINA &#8211;\u00a0Sulla scia di quanto ha chiesto papa Francesco, la diocesi di Latina-Terracina-Sezze-Priverno organizza un ulteriore momento di preghiera &#8220;per invocare il dono della pace in Ucraina&#8221;. L\u2019appuntamento \u00e8 per il gioved\u00ec 3 marzo, alle ore 20.30, nella cattedrale di San Marco a Latina, con la veglia di preghiera presieduta dal vescovo Mariano Crociata e [&hellip;]<\/p>\n","protected":false},"author":60,"featured_media":283071,"comment_status":"open","ping_status":"open","sticky":false,"template":"","format":"standard","meta":{"footnotes":""},"categories":[735],"tags":[],"class_list":["post-307021","post","type-post","status-publish","format-standard","has-post-thumbnail","hentry","category-attualita"],"_links":{"self":[{"href":"https:\/\/www.radioluna.it\/news\/wp-json\/wp\/v2\/posts\/307021","targetHints":{"allow":["GET"]}}],"collection":[{"href":"https:\/\/www.radioluna.it\/news\/wp-json\/wp\/v2\/posts"}],"about":[{"href":"https:\/\/www.radioluna.it\/news\/wp-json\/wp\/v2\/types\/post"}],"author":[{"embeddable":true,"href":"https:\/\/www.radioluna.it\/news\/wp-json\/wp\/v2\/users\/60"}],"replies":[{"embeddable":true,"href":"https:\/\/www.radioluna.it\/news\/wp-json\/wp\/v2\/comments?post=307021"}],"version-history":[{"count":0,"href":"https:\/\/www.radioluna.it\/news\/wp-json\/wp\/v2\/posts\/307021\/revisions"}],"wp:featuredmedia":[{"embeddable":true,"href":"https:\/\/www.radioluna.it\/news\/wp-json\/wp\/v2\/media\/283071"}],"wp:attachment":[{"href":"https:\/\/www.radioluna.it\/news\/wp-json\/wp\/v2\/media?parent=307021"}],"wp:term":[{"taxonomy":"category","embeddable":true,"href":"https:\/\/www.radioluna.it\/news\/wp-json\/wp\/v2\/categories?post=307021"},{"taxonomy":"post_tag","embeddable":true,"href":"https:\/\/www.radioluna.it\/news\/wp-json\/wp\/v2\/tags?post=307021"}],"curies":[{"name":"wp","href":"https:\/\/api.w.org\/{rel}","templated":true}]}}