{"id":307072,"date":"2022-03-02T13:03:36","date_gmt":"2022-03-02T12:03:36","guid":{"rendered":"https:\/\/www.radioluna.it\/news\/?p=307072"},"modified":"2022-03-02T13:04:03","modified_gmt":"2022-03-02T12:04:03","slug":"parco-del-circeo-lappello-di-stefanelli-per-superare-la-pericolosa-impasse","status":"publish","type":"post","link":"https:\/\/www.radioluna.it\/news\/2022\/03\/parco-del-circeo-lappello-di-stefanelli-per-superare-la-pericolosa-impasse\/","title":{"rendered":"Parco del Circeo, l&#8217;appello di Stefanelli per superare la pericolosa impasse"},"content":{"rendered":"<div id=\"fb-root\"><\/div>\n<p style=\"text-align: justify;\"><strong>LATINA<\/strong> &#8211; \u201c<strong>Il Parco nazionale del Circeo sta attraversando da alcuni mesi una difficile fase di impasse istituzionale<\/strong> dovuta, anche, alla mancata nomina del direttore che determina un vuoto nella sua gestione. Un ente cos\u00ec importante per il nostro territorio non pu\u00f2 restare paralizzato dalle spaccature tra i diversi componenti della Comunit\u00e0 del Parco\u201d. Lo dichiara <strong>il Presidente della Provincia Gerardo Stefanelli.<\/strong><img loading=\"lazy\" decoding=\"async\" class=\"wp-image-307073 alignright\" src=\"https:\/\/www.radioluna.it\/news\/wp-content\/uploads\/2022\/03\/IMG_20220125_114134.jpg\" alt=\"\" width=\"269\" height=\"202\" srcset=\"https:\/\/www.radioluna.it\/news\/wp-content\/uploads\/2022\/03\/IMG_20220125_114134.jpg 1920w, https:\/\/www.radioluna.it\/news\/wp-content\/uploads\/2022\/03\/IMG_20220125_114134-768x576.jpg 768w, https:\/\/www.radioluna.it\/news\/wp-content\/uploads\/2022\/03\/IMG_20220125_114134-1536x1152.jpg 1536w\" sizes=\"auto, (max-width: 269px) 100vw, 269px\" \/><\/p>\n<p style=\"text-align: justify;\">\u201cRivolgo quindi il mio invito al Presidente dell\u2019Ente Parco a ritrovare la capacit\u00e0 di dialogo dalla quale non si pu\u00f2 prescindere nell\u2019amministrazione di un soggetto che rappresenta un valore aggiunto per l\u2019intera provincia e a coinvolgere tutti i componenti della comunit\u00e0 in un progetto di gestione forte e condiviso. La Provincia, che rappresenta<img loading=\"lazy\" decoding=\"async\" class=\"wp-image-295676 alignright\" src=\"https:\/\/www.radioluna.it\/news\/wp-content\/uploads\/2021\/08\/marzano.jpg\" alt=\"\" width=\"274\" height=\"165\" srcset=\"https:\/\/www.radioluna.it\/news\/wp-content\/uploads\/2021\/08\/marzano.jpg 720w, https:\/\/www.radioluna.it\/news\/wp-content\/uploads\/2021\/08\/marzano-450x270.jpg 450w, https:\/\/www.radioluna.it\/news\/wp-content\/uploads\/2021\/08\/marzano-300x180.jpg 300w\" sizes=\"auto, (max-width: 274px) 100vw, 274px\" \/> l\u2019intero territorio, si dichiara disponibile fin da ora ad affiancare lo stesso Presidente in un lavoro di ricucitura e mediazione politica che non pu\u00f2 essere ulteriormente rinviato. E\u2019 doveroso \u2013 conclude Stefanelli &#8211; ritrovare le ragioni dello stare insieme soprattutto in questo periodo di grandi opportunit\u00e0 che rischiano, se questa fase di stasi dovesse protrarsi ulteriormente, di non essere colte appieno, con la perdita di competitivit\u00e0\u201d.<\/p>\n","protected":false},"excerpt":{"rendered":"<p>LATINA &#8211; \u201cIl Parco nazionale del Circeo sta attraversando da alcuni mesi una difficile fase di impasse istituzionale dovuta, anche, alla mancata nomina del direttore che determina un vuoto nella sua gestione. Un ente cos\u00ec importante per il nostro territorio non pu\u00f2 restare paralizzato dalle spaccature tra i diversi componenti della Comunit\u00e0 del Parco\u201d. Lo [&hellip;]<\/p>\n","protected":false},"author":62,"featured_media":302007,"comment_status":"open","ping_status":"open","sticky":false,"template":"","format":"standard","meta":{"footnotes":""},"categories":[8],"tags":[],"class_list":["post-307072","post","type-post","status-publish","format-standard","has-post-thumbnail","hentry","category-politica"],"_links":{"self":[{"href":"https:\/\/www.radioluna.it\/news\/wp-json\/wp\/v2\/posts\/307072","targetHints":{"allow":["GET"]}}],"collection":[{"href":"https:\/\/www.radioluna.it\/news\/wp-json\/wp\/v2\/posts"}],"about":[{"href":"https:\/\/www.radioluna.it\/news\/wp-json\/wp\/v2\/types\/post"}],"author":[{"embeddable":true,"href":"https:\/\/www.radioluna.it\/news\/wp-json\/wp\/v2\/users\/62"}],"replies":[{"embeddable":true,"href":"https:\/\/www.radioluna.it\/news\/wp-json\/wp\/v2\/comments?post=307072"}],"version-history":[{"count":0,"href":"https:\/\/www.radioluna.it\/news\/wp-json\/wp\/v2\/posts\/307072\/revisions"}],"wp:featuredmedia":[{"embeddable":true,"href":"https:\/\/www.radioluna.it\/news\/wp-json\/wp\/v2\/media\/302007"}],"wp:attachment":[{"href":"https:\/\/www.radioluna.it\/news\/wp-json\/wp\/v2\/media?parent=307072"}],"wp:term":[{"taxonomy":"category","embeddable":true,"href":"https:\/\/www.radioluna.it\/news\/wp-json\/wp\/v2\/categories?post=307072"},{"taxonomy":"post_tag","embeddable":true,"href":"https:\/\/www.radioluna.it\/news\/wp-json\/wp\/v2\/tags?post=307072"}],"curies":[{"name":"wp","href":"https:\/\/api.w.org\/{rel}","templated":true}]}}