{"id":307192,"date":"2022-03-04T10:36:28","date_gmt":"2022-03-04T09:36:28","guid":{"rendered":"https:\/\/www.radioluna.it\/news\/?p=307192"},"modified":"2022-03-05T15:01:53","modified_gmt":"2022-03-05T14:01:53","slug":"ucraina-il-sindaco-di-latina-coletta-arrivati-i-primi-rifugiati-sono-stati-tutti-registrati-lavoriamo-in-rete","status":"publish","type":"post","link":"https:\/\/www.radioluna.it\/news\/2022\/03\/ucraina-il-sindaco-di-latina-coletta-arrivati-i-primi-rifugiati-sono-stati-tutti-registrati-lavoriamo-in-rete\/","title":{"rendered":"Ucraina, il sindaco di Latina Coletta: &#8220;Arrivati i primi rifugiati, sono stati tutti registrati. Lavoriamo in rete&#8221;"},"content":{"rendered":"<div id=\"fb-root\"><\/div>\n<p style=\"text-align: justify;\"><strong>LATINA &#8211;<\/strong> Con il perdurare della\u00a0 guerra in Ucraina (oggi al suo 9\u00b0 giorno) sono arrivati a Latina, ma anche in altri comuni pontini i primi rifugiati. Si tratta principalmente di donne e bambini, mentre la Prefettura coordina e monitora il lavoro di tutti gli attori istituzionali: Provincia, sindaci, le forze dell&#8217;ordine, la Asl, l\u2019Ufficio scolastico provinciale, la Croce Rossa, per riuscire nell&#8217;obiettivo non solo di garantire accoglienza, ma di offrire offrire assistenza a 360 gradi ai profughi. C&#8217;\u00e8 poi la questione della raccolta dei beni per la quale non ci sono ancora percorsi predefiniti per l&#8217;invio a livello nazionale.<\/p>\n<p style=\"text-align: justify;\">&#8220;Per la raccolta di beni dobbiamo ringraziare i tanti, cittadini e associazioni, che si sono mobilitati, ma c&#8217;\u00e8 bisogno ancora di qualche ora per definire i passaggi da compiere per l&#8217;invio delle donazioni e aspettiamo indicazioni a livello ministeriale, speriamo ci arrivino prestissimo. Ci \u00e8 stato detto anche di dare priorit\u00e0 ai farmaci e la Croce Rossa su questo \u00e8 a disposizione. Diverso \u00e8 il percorso di accoglienza e assistenza, stiamo lavorando in rete. Tutte le persone arrivate sono state registrate, sappiamo che non hanno bisogno di visto.\u00a0 E sono anche arrivate le prime disponibilit\u00e0 di posti letto privati&#8221;.<\/p>\n<p style=\"text-align: justify;\">Il punto con primo cittadino di Latina Damiano Coletta nel nostro approfondimento su Radio Immagine.<\/p>\n<audio class=\"wp-audio-shortcode\" id=\"audio-307192-1\" preload=\"none\" style=\"width: 100%;\" controls=\"controls\"><source type=\"audio\/mpeg\" src=\"https:\/\/www.radioluna.it\/news\/wp-content\/uploads\/2022\/03\/COLETTA-3-MARZO-UCRAINA.mp3?_=1\" \/><a href=\"https:\/\/www.radioluna.it\/news\/wp-content\/uploads\/2022\/03\/COLETTA-3-MARZO-UCRAINA.mp3\">https:\/\/www.radioluna.it\/news\/wp-content\/uploads\/2022\/03\/COLETTA-3-MARZO-UCRAINA.mp3<\/a><\/audio>\n<p style=\"text-align: justify;\">E per domani (sabato 5 marzo) a partire dalle 16 \u00e8 stata organizzata una manifestazione da parte del Comune di Latina e il Forum dei Giovani per esprimere e ribadire il rifiuto della comunit\u00e0 pontina alla guerra in Ucraina. L\u2019iniziativa si svolger\u00e0 in Piazza del Popolo in forma statica e vedr\u00e0 la partecipazione di istituzioni e associazioni. Saranno presenti anche rappresentanti della Provincia di Latina e dei Comuni pontini. L\u2019invito del sindaco Coletta rivolto ai cittadini \u00e8 di partecipare per stimolare una riflessione collettiva sull\u2019importanza di valori imprescindibili per qualsiasi societ\u00e0 civile come la convivenza pacifica tra popoli, la democrazia e la solidariet\u00e0.<\/p>\n<p>&nbsp;<\/p>\n","protected":false},"excerpt":{"rendered":"<p>LATINA &#8211; Con il perdurare della\u00a0 guerra in Ucraina (oggi al suo 9\u00b0 giorno) sono arrivati a Latina, ma anche in altri comuni pontini i primi rifugiati. Si tratta principalmente di donne e bambini, mentre la Prefettura coordina e monitora il lavoro di tutti gli attori istituzionali: Provincia, sindaci, le forze dell&#8217;ordine, la Asl, l\u2019Ufficio [&hellip;]<\/p>\n","protected":false},"author":62,"featured_media":0,"comment_status":"open","ping_status":"open","sticky":false,"template":"","format":"standard","meta":{"footnotes":""},"categories":[2310,7],"tags":[],"class_list":["post-307192","post","type-post","status-publish","format-standard","hentry","category-audio","category-cronaca"],"_links":{"self":[{"href":"https:\/\/www.radioluna.it\/news\/wp-json\/wp\/v2\/posts\/307192","targetHints":{"allow":["GET"]}}],"collection":[{"href":"https:\/\/www.radioluna.it\/news\/wp-json\/wp\/v2\/posts"}],"about":[{"href":"https:\/\/www.radioluna.it\/news\/wp-json\/wp\/v2\/types\/post"}],"author":[{"embeddable":true,"href":"https:\/\/www.radioluna.it\/news\/wp-json\/wp\/v2\/users\/62"}],"replies":[{"embeddable":true,"href":"https:\/\/www.radioluna.it\/news\/wp-json\/wp\/v2\/comments?post=307192"}],"version-history":[{"count":0,"href":"https:\/\/www.radioluna.it\/news\/wp-json\/wp\/v2\/posts\/307192\/revisions"}],"wp:attachment":[{"href":"https:\/\/www.radioluna.it\/news\/wp-json\/wp\/v2\/media?parent=307192"}],"wp:term":[{"taxonomy":"category","embeddable":true,"href":"https:\/\/www.radioluna.it\/news\/wp-json\/wp\/v2\/categories?post=307192"},{"taxonomy":"post_tag","embeddable":true,"href":"https:\/\/www.radioluna.it\/news\/wp-json\/wp\/v2\/tags?post=307192"}],"curies":[{"name":"wp","href":"https:\/\/api.w.org\/{rel}","templated":true}]}}