{"id":307256,"date":"2022-03-05T15:50:32","date_gmt":"2022-03-05T14:50:32","guid":{"rendered":"https:\/\/www.radioluna.it\/news\/?p=307256"},"modified":"2022-03-05T15:52:32","modified_gmt":"2022-03-05T14:52:32","slug":"lbc-verso-la-prima-assemblea-congressuale","status":"publish","type":"post","link":"https:\/\/www.radioluna.it\/news\/2022\/03\/lbc-verso-la-prima-assemblea-congressuale\/","title":{"rendered":"LBC verso la prima assemblea congressuale, parla la capogruppo"},"content":{"rendered":"<div id=\"fb-root\"><\/div>\n<p style=\"text-align: justify;\"><strong>LATINA<\/strong> &#8211; \u201cC\u2019\u00e8 bisogno di una nuova linea comune che si faccia interprete dei cambiamenti avvenuti, e che ci proietti in una fase di profondo e positivo rinnovamento\u201d. Lo dice <strong>Valeria Campagna, Capogruppo di Latina Bene Comune<\/strong>, in vista dell\u2019<a href=\"https:\/\/www.radioluna.it\/news\/2022\/03\/sette-anni-di-latina-bene-comune-convocato-il-primo-congresso\/\">assemblea congressuale di LBC in programma per domenica 6 marzo, convocata dalla segretaria del Movimento, Elettra Ortu La Barbera<\/a>.\u00a0 \u201cAbbiamo avviato un vero e proprio percorso &#8211; scrive in\u00a0 una nota &#8211; un percorso congressuale che domenica 6 marzo vivr\u00e0 una prima tappa fondamentale. I soci e le socie, che ringrazio, stanno lavorando duramente per arrivare all\u2019appuntamento con idee, proposte e spunti volti ad avviare un rinnovamento. Ne parleremo, come sempre tutti insieme, con l\u2019intento di tratteggiare un indirizzo che possa proiettarci al futuro con forza\u201d.<\/p>\n<p style=\"text-align: justify;\">\u201cMentre il mondo cambiava sotto i colpi della pandemia e della crisi economica, Latina Bene Comune ha fornito prova di grande crescita e di grande maturit\u00e0 &#8211;\u00a0 prosegue la consigliera pi\u00f9 votata del Movimento\u00a0 &#8211; Le ultime elezioni amministrative hanno detto che LBC \u00e8, ancora, una forza politica importante agli occhi della citt\u00e0. Una citt\u00e0 che ha premiato il lavoro svolto nella precedente consiliatura rinnovandoci la sua fiducia e confermando, in Consiglio Comunale, la rappresentanza e la rappresentativit\u00e0 del nostro movimento\u201d. Tutto questo, specifica Campagna, in un contesto diverso: \u201cLa crisi in essere ci ha messo nelle condizioni di aprire un dialogo con tutte le forze politiche. Ma le differenze, specialmente quando c\u2019\u00e8 una crisi in corso, non devono rappresentare un ostacolo, ma un arricchimento. \u00c8 con questo atteggiamento che abbiamo creato ponti con le altre forze politiche e, con quelle che hanno voluto accogliere il nostro invito alla collaborazione, abbiamo costruito una maggioranza di programma per il rilancio di Latina. Un passaggio in cui Latina Bene Comune, ha dimostrato di poter essere un soggetto politico maturo e preparato. \u00c8 da questa convinzione, che bisogna ripartire\u201d.<\/p>\n<p style=\"text-align: justify;\">\u201c<strong>Ripartire dai nostri valori per rispondere alle sfide del cambiamento<\/strong>. Ritengo opportuno\u00a0 &#8211; conclude\u00a0 &#8211; che <strong>il civismo, se vuole essere ancora protagonista e se vuole sopravvivere alle sfide del cambiamento, debba fare rete ed aprirsi ad altre realt\u00e0<\/strong>. Anche in questo caso l\u2019unione, lo scambio, il confronto, fa la forza. Latina Bene Comune, in un\u2019ottica di crescita, dovr\u00e0 tenere conto anche di questo\u201d.<\/p>\n","protected":false},"excerpt":{"rendered":"<p>LATINA &#8211; \u201cC\u2019\u00e8 bisogno di una nuova linea comune che si faccia interprete dei cambiamenti avvenuti, e che ci proietti in una fase di profondo e positivo rinnovamento\u201d. Lo dice Valeria Campagna, Capogruppo di Latina Bene Comune, in vista dell\u2019assemblea congressuale di LBC in programma per domenica 6 marzo, convocata dalla segretaria del Movimento, Elettra [&hellip;]<\/p>\n","protected":false},"author":62,"featured_media":300665,"comment_status":"open","ping_status":"open","sticky":false,"template":"","format":"standard","meta":{"footnotes":""},"categories":[8],"tags":[],"class_list":["post-307256","post","type-post","status-publish","format-standard","has-post-thumbnail","hentry","category-politica"],"_links":{"self":[{"href":"https:\/\/www.radioluna.it\/news\/wp-json\/wp\/v2\/posts\/307256","targetHints":{"allow":["GET"]}}],"collection":[{"href":"https:\/\/www.radioluna.it\/news\/wp-json\/wp\/v2\/posts"}],"about":[{"href":"https:\/\/www.radioluna.it\/news\/wp-json\/wp\/v2\/types\/post"}],"author":[{"embeddable":true,"href":"https:\/\/www.radioluna.it\/news\/wp-json\/wp\/v2\/users\/62"}],"replies":[{"embeddable":true,"href":"https:\/\/www.radioluna.it\/news\/wp-json\/wp\/v2\/comments?post=307256"}],"version-history":[{"count":0,"href":"https:\/\/www.radioluna.it\/news\/wp-json\/wp\/v2\/posts\/307256\/revisions"}],"wp:featuredmedia":[{"embeddable":true,"href":"https:\/\/www.radioluna.it\/news\/wp-json\/wp\/v2\/media\/300665"}],"wp:attachment":[{"href":"https:\/\/www.radioluna.it\/news\/wp-json\/wp\/v2\/media?parent=307256"}],"wp:term":[{"taxonomy":"category","embeddable":true,"href":"https:\/\/www.radioluna.it\/news\/wp-json\/wp\/v2\/categories?post=307256"},{"taxonomy":"post_tag","embeddable":true,"href":"https:\/\/www.radioluna.it\/news\/wp-json\/wp\/v2\/tags?post=307256"}],"curies":[{"name":"wp","href":"https:\/\/api.w.org\/{rel}","templated":true}]}}