{"id":307294,"date":"2022-03-05T18:38:14","date_gmt":"2022-03-05T17:38:14","guid":{"rendered":"https:\/\/www.radioluna.it\/news\/?p=307294"},"modified":"2022-03-05T18:38:14","modified_gmt":"2022-03-05T17:38:14","slug":"cori-in-aiuto-della-gemellata-oswiecim-che-sta-ospitando-profughi-ucraini","status":"publish","type":"post","link":"https:\/\/www.radioluna.it\/news\/2022\/03\/cori-in-aiuto-della-gemellata-oswiecim-che-sta-ospitando-profughi-ucraini\/","title":{"rendered":"Cori in aiuto della gemellata O\u015bwi\u0119cim che sta ospitando profughi ucraini"},"content":{"rendered":"<div id=\"fb-root\"><\/div>\n<p style=\"text-align: justify;\"><strong>CORI<\/strong> &#8211; In questi giorni drammatici per l\u2019Ucraina e per l\u2019Europa i sindaci delle citt\u00e0 gemellate di Cori e O\u015bwi\u0119cim, Mauro De Lillis e Janusz Chwierut, si sono pi\u00f9 volte sentiti. La Polonia \u00e8 la nazione che pi\u00f9 delle altre sta ospitando e sostenendo i profughi ucraini.<\/p>\n<p style=\"text-align: justify;\">L\u2019Amministrazione comunale vuole dunque rispondere alla richiesta accorata pervenuta dal primo cittadino di O\u015bwi\u0119cim, da subito mobilitatasi per aiutare concretamente gli abitanti di Sambor (vicina al confine con la Polonia), organizzando, tra l&#8217;altro, alloggi per le persone in fuga dalla guerra. \u201cCerchiamo di aiutare il pi\u00f9 possibile \u2013 queste le drammatiche parole di Janusz Chwierut &#8211; la portata del problema \u00e8 enorme\u201d.<\/p>\n<p style=\"text-align: justify;\">\u201cSiamo sconvolti \u2013 ha scritto Il sindaco di Cori, Mauro De Lillis nella sua risposta &#8211; per l&#8217;attacco all&#8217;Ucraina da parte della Russia. Raccogliamo la tua richiesta di aiuto e faremo il possibile per inviare aiuti ad O\u015bwi\u0119cim da far arrivare alla citt\u00e0 di Sambor. La mia solidariet\u00e0 personale e di tutta la comunit\u00e0 di Cori\u201d.<\/p>\n<p style=\"text-align: justify;\">La richiesta riguarda principalmente sulla raccolta di medicinali, che stanno gi\u00e0 scarseggiando in Polonia.<\/p>\n<p style=\"text-align: justify;\">Si invitano pertanto tutti i cittadini, i quali hanno sempre manifestato ampia disponibilit\u00e0 a gesti solidali, come dimostrato anche nell\u2019attuale emergenza sanitaria, a supportare la citt\u00e0 gemellata che ha chiesto un sostegno concreto per aiutare il popolo ucraino.<\/p>\n<p style=\"text-align: justify;\">Quanti vogliano donare medicinali (siringhe, vitamine, antidolorifici, antinfiammatori ecc.), possono recarsi presso la sala consiliare del Comune di Cori, nei giorni:<\/p>\n<p style=\"text-align: justify;\">&#8211; luned\u00ec 7 marzo dalle ore 9 alle ore 12<\/p>\n<p style=\"text-align: justify;\">&#8211; marted\u00ec 8 marzo dalle ore 15 alle ore 18.<\/p>\n<p>&nbsp;<\/p>\n<div class=\"radio-posizionamento-telefono-in-articoli-dopo-il-contenuto-articolo radio-entity-placement\" id=\"radio-1965309155\"><div id=\"radio-416499498\"><a href=\"https:\/\/grupporedi.it\/\" aria-label=\"Redi-Qr\"><img loading=\"lazy\" decoding=\"async\" src=\"https:\/\/www.radioluna.it\/news\/wp-content\/uploads\/2026\/03\/Redi-Qr.jpg\" alt=\"\"  srcset=\"https:\/\/www.radioluna.it\/news\/wp-content\/uploads\/2026\/03\/Redi-Qr.jpg 800w, https:\/\/www.radioluna.it\/news\/wp-content\/uploads\/2026\/03\/Redi-Qr-768x639.jpg 768w\" sizes=\"(max-width: 800px) 100vw, 800px\" width=\"300\" height=\"250\"   \/><\/a><\/div><\/div>","protected":false},"excerpt":{"rendered":"<p>CORI &#8211; In questi giorni drammatici per l\u2019Ucraina e per l\u2019Europa i sindaci delle citt\u00e0 gemellate di Cori e O\u015bwi\u0119cim, Mauro De Lillis e Janusz Chwierut, si sono pi\u00f9 volte sentiti. La Polonia \u00e8 la nazione che pi\u00f9 delle altre sta ospitando e sostenendo i profughi ucraini. L\u2019Amministrazione comunale vuole dunque rispondere alla richiesta accorata [&hellip;]<\/p>\n","protected":false},"author":62,"featured_media":307295,"comment_status":"open","ping_status":"open","sticky":false,"template":"","format":"standard","meta":{"footnotes":""},"categories":[7],"tags":[],"class_list":["post-307294","post","type-post","status-publish","format-standard","has-post-thumbnail","hentry","category-cronaca"],"_links":{"self":[{"href":"https:\/\/www.radioluna.it\/news\/wp-json\/wp\/v2\/posts\/307294","targetHints":{"allow":["GET"]}}],"collection":[{"href":"https:\/\/www.radioluna.it\/news\/wp-json\/wp\/v2\/posts"}],"about":[{"href":"https:\/\/www.radioluna.it\/news\/wp-json\/wp\/v2\/types\/post"}],"author":[{"embeddable":true,"href":"https:\/\/www.radioluna.it\/news\/wp-json\/wp\/v2\/users\/62"}],"replies":[{"embeddable":true,"href":"https:\/\/www.radioluna.it\/news\/wp-json\/wp\/v2\/comments?post=307294"}],"version-history":[{"count":0,"href":"https:\/\/www.radioluna.it\/news\/wp-json\/wp\/v2\/posts\/307294\/revisions"}],"wp:featuredmedia":[{"embeddable":true,"href":"https:\/\/www.radioluna.it\/news\/wp-json\/wp\/v2\/media\/307295"}],"wp:attachment":[{"href":"https:\/\/www.radioluna.it\/news\/wp-json\/wp\/v2\/media?parent=307294"}],"wp:term":[{"taxonomy":"category","embeddable":true,"href":"https:\/\/www.radioluna.it\/news\/wp-json\/wp\/v2\/categories?post=307294"},{"taxonomy":"post_tag","embeddable":true,"href":"https:\/\/www.radioluna.it\/news\/wp-json\/wp\/v2\/tags?post=307294"}],"curies":[{"name":"wp","href":"https:\/\/api.w.org\/{rel}","templated":true}]}}