{"id":307334,"date":"2022-03-06T09:22:39","date_gmt":"2022-03-06T08:22:39","guid":{"rendered":"https:\/\/www.radioluna.it\/news\/?p=307334"},"modified":"2022-03-07T09:23:05","modified_gmt":"2022-03-07T08:23:05","slug":"latina-tragico-incidente-nella-notte-in-via-epitaffio-morta-una-ragazza-di-20-anni","status":"publish","type":"post","link":"https:\/\/www.radioluna.it\/news\/2022\/03\/latina-tragico-incidente-nella-notte-in-via-epitaffio-morta-una-ragazza-di-20-anni\/","title":{"rendered":"Tragico incidente nella notte in Via della Stazione: ha perso la vita Clarissa Trombin. Ferito il ragazzo alla guida"},"content":{"rendered":"<div id=\"fb-root\"><\/div>\n<p style=\"text-align: justify;\"><strong>LATINA &#8211; <\/strong>Un tragico incidente stradale si \u00e8 verificato nella notte alle porte del capoluogo.\u00a0 Un&#8217;auto \u00e8 uscita di strada lungo Via della Stazione a Latina Scalo, all&#8217;altezza dell&#8217;incrocio con Via Verri (l&#8217;asse attrezzato) e si \u00e8 schiantata contro un pino distruggendosi. Nel violento impatto avvenuto intorno alle 4,30 ha perso la vita Clarissa Trombin, una ragazza di 21 anni di Latina mentre il ragazzo di 24 anni che era alla guida \u00e8 rimasto ferito gravemente.<\/p>\n<p style=\"text-align: justify;\">Sul posto sono intervenuti i soccorsi, vigili del fuoco e 118,\u00a0 ma per la giovane non c&#8217;\u00e8 stato nulla da fare. Estratta dall&#8217;abitacolo dove era incastrata \u00e8 apparsa subito in condizioni gravissime e si \u00e8 spenta poche ore dopo al Goretti nel corso di un intervento chirurgico. Ha riportato ferite e traumi seri, ma \u00e8 fuori pericolo, il giovane conducente dell&#8217;auto, una Lancia Y che viaggiava da Latina Scalo in direzione di Latina.<\/p>\n<p>La polizia stradale intervenuta con la pattuglia di Aprilia ha svolto i rilievi e dovr\u00e0 ora ricostruire le cause dell&#8217;incidente. Si stanno verificando le condizioni dell&#8217;asfalto e la velocit\u00e0 a cui viaggiava la vettura.<\/p>\n<p style=\"text-align: justify;\">E &#8216; il secondo mortale a sole 24 ore di distanza da quello in cui all&#8217;Acciarella ha perso la vita il bagnino Italo Giardino di 49 anni.<\/p>\n<div class=\"radio-posizionamento-telefono-in-articoli-dopo-il-contenuto-articolo radio-entity-placement\" id=\"radio-2758664771\"><div id=\"radio-1431541845\" style=\"width: 300px;height: 250px;\"><a href=\"https:\/\/www.icarspa.it\/auto\/usate\/latina\/\" aria-label=\"banner aprile icar new life &#8211; auto usate latina\"><img loading=\"lazy\" decoding=\"async\" src=\"https:\/\/www.radioluna.it\/news\/wp-content\/uploads\/2026\/02\/banner-aprile-icar-new-life-auto-usate-latina.gif\" alt=\"\"  width=\"300\" height=\"250\"   \/><\/a><\/div><\/div>","protected":false},"excerpt":{"rendered":"<p>LATINA &#8211; Un tragico incidente stradale si \u00e8 verificato nella notte alle porte del capoluogo.\u00a0 Un&#8217;auto \u00e8 uscita di strada lungo Via della Stazione a Latina Scalo, all&#8217;altezza dell&#8217;incrocio con Via Verri (l&#8217;asse attrezzato) e si \u00e8 schiantata contro un pino distruggendosi. Nel violento impatto avvenuto intorno alle 4,30 ha perso la vita Clarissa Trombin, [&hellip;]<\/p>\n","protected":false},"author":62,"featured_media":41249,"comment_status":"open","ping_status":"open","sticky":false,"template":"","format":"standard","meta":{"footnotes":""},"categories":[7],"tags":[],"class_list":["post-307334","post","type-post","status-publish","format-standard","has-post-thumbnail","hentry","category-cronaca"],"_links":{"self":[{"href":"https:\/\/www.radioluna.it\/news\/wp-json\/wp\/v2\/posts\/307334","targetHints":{"allow":["GET"]}}],"collection":[{"href":"https:\/\/www.radioluna.it\/news\/wp-json\/wp\/v2\/posts"}],"about":[{"href":"https:\/\/www.radioluna.it\/news\/wp-json\/wp\/v2\/types\/post"}],"author":[{"embeddable":true,"href":"https:\/\/www.radioluna.it\/news\/wp-json\/wp\/v2\/users\/62"}],"replies":[{"embeddable":true,"href":"https:\/\/www.radioluna.it\/news\/wp-json\/wp\/v2\/comments?post=307334"}],"version-history":[{"count":0,"href":"https:\/\/www.radioluna.it\/news\/wp-json\/wp\/v2\/posts\/307334\/revisions"}],"wp:featuredmedia":[{"embeddable":true,"href":"https:\/\/www.radioluna.it\/news\/wp-json\/wp\/v2\/media\/41249"}],"wp:attachment":[{"href":"https:\/\/www.radioluna.it\/news\/wp-json\/wp\/v2\/media?parent=307334"}],"wp:term":[{"taxonomy":"category","embeddable":true,"href":"https:\/\/www.radioluna.it\/news\/wp-json\/wp\/v2\/categories?post=307334"},{"taxonomy":"post_tag","embeddable":true,"href":"https:\/\/www.radioluna.it\/news\/wp-json\/wp\/v2\/tags?post=307334"}],"curies":[{"name":"wp","href":"https:\/\/api.w.org\/{rel}","templated":true}]}}