{"id":307351,"date":"2022-03-06T11:13:58","date_gmt":"2022-03-06T10:13:58","guid":{"rendered":"https:\/\/www.radioluna.it\/news\/?p=307351"},"modified":"2022-03-15T13:43:54","modified_gmt":"2022-03-15T12:43:54","slug":"latina-sconfitto-dal-potenza-di-donato-resettare-subito","status":"publish","type":"post","link":"https:\/\/www.radioluna.it\/news\/2022\/03\/latina-sconfitto-dal-potenza-di-donato-resettare-subito\/","title":{"rendered":"Latina sconfitto dal Potenza, Di Donato: &#8220;Resettare subito&#8221;"},"content":{"rendered":"<div id=\"fb-root\"><\/div>\n<p><iframe loading=\"lazy\" title=\"La sala stampa di mister Di Donato, dopo la sconfitta con il Potenza\" width=\"740\" height=\"416\" src=\"https:\/\/www.youtube.com\/embed\/LYclqU1eMZA?feature=oembed\" frameborder=\"0\" allow=\"accelerometer; autoplay; clipboard-write; encrypted-media; gyroscope; picture-in-picture; web-share\" referrerpolicy=\"strict-origin-when-cross-origin\" allowfullscreen><\/iframe><\/p>\n<p style=\"text-align: justify;\"><strong>LATINA<\/strong> &#8211; &#8220;Non eravamo il solito Latina e si \u00e8 visto gi\u00e0 dalle battute iniziali. Dobbiamo resettare subito&#8221;. Cos\u00ec Mister Di Donato in sala stampa dopo la pesante sconfitta 3-0 subita in casa dal Potenza ha analizzato il match di sabato pomeriggio. Il tecnico ha parlato di un Latina nervoso\u00a0 dopo un mese infernale: &#8220;Il bello del calcio \u00e8 che non ti puoi mai fermare, perch\u00e9 quello che hai fatto ieri non conta pi\u00f9. Quello che faremo da qui e fino alla fine del campionato\u00a0 &#8211; ha detto &#8211; sar\u00e0 quello che verr\u00e0 ricordato&#8221;. Pesano e peseranno sulla squadra anche le squalifiche, tra le quali la pi\u00f9 pesante: le quattro giornate, confermate dopo il ricorso, a Jefferson che dovr\u00e0 pertanto saltare le gare fino al prossimo 16 marzo quando al Francioni arriver\u00e0 la Virtus Francavilla nell\u2019infrasettimanale fissata per le ore 21.00. La seconda sezione della Corte di Appello Nazionale ha respinto il reclamo della societ\u00e0 presentato dagli avvocati Matteo Sperduti e Fabrizio Mercuri ed ha confermato la sentenza del giudice sportivo emessa lo scorso 23 febbraio dopo la gara con l\u2019Avellino.<\/p>\n<p>&nbsp;<\/p>\n<div class=\"radio-posizionamento-telefono-in-articoli-dopo-il-contenuto-articolo radio-entity-placement\" id=\"radio-3699172924\"><div id=\"radio-1281757979\" style=\"width: 300px;height: 250px;\"><a href=\"https:\/\/www.icarspa.it\/auto\/usate\/latina\/\" aria-label=\"banner aprile icar new life &#8211; auto usate latina\"><img loading=\"lazy\" decoding=\"async\" src=\"https:\/\/www.radioluna.it\/news\/wp-content\/uploads\/2026\/02\/banner-aprile-icar-new-life-auto-usate-latina.gif\" alt=\"\"  width=\"300\" height=\"250\"   \/><\/a><\/div><\/div>","protected":false},"excerpt":{"rendered":"<p>LATINA &#8211; &#8220;Non eravamo il solito Latina e si \u00e8 visto gi\u00e0 dalle battute iniziali. Dobbiamo resettare subito&#8221;. Cos\u00ec Mister Di Donato in sala stampa dopo la pesante sconfitta 3-0 subita in casa dal Potenza ha analizzato il match di sabato pomeriggio. Il tecnico ha parlato di un Latina nervoso\u00a0 dopo un mese infernale: &#8220;Il [&hellip;]<\/p>\n","protected":false},"author":62,"featured_media":307352,"comment_status":"open","ping_status":"open","sticky":false,"template":"","format":"video","meta":{"footnotes":""},"categories":[17,2312],"tags":[],"class_list":["post-307351","post","type-post","status-publish","format-video","has-post-thumbnail","hentry","category-sport","category-video","post_format-post-format-video"],"_links":{"self":[{"href":"https:\/\/www.radioluna.it\/news\/wp-json\/wp\/v2\/posts\/307351","targetHints":{"allow":["GET"]}}],"collection":[{"href":"https:\/\/www.radioluna.it\/news\/wp-json\/wp\/v2\/posts"}],"about":[{"href":"https:\/\/www.radioluna.it\/news\/wp-json\/wp\/v2\/types\/post"}],"author":[{"embeddable":true,"href":"https:\/\/www.radioluna.it\/news\/wp-json\/wp\/v2\/users\/62"}],"replies":[{"embeddable":true,"href":"https:\/\/www.radioluna.it\/news\/wp-json\/wp\/v2\/comments?post=307351"}],"version-history":[{"count":0,"href":"https:\/\/www.radioluna.it\/news\/wp-json\/wp\/v2\/posts\/307351\/revisions"}],"wp:featuredmedia":[{"embeddable":true,"href":"https:\/\/www.radioluna.it\/news\/wp-json\/wp\/v2\/media\/307352"}],"wp:attachment":[{"href":"https:\/\/www.radioluna.it\/news\/wp-json\/wp\/v2\/media?parent=307351"}],"wp:term":[{"taxonomy":"category","embeddable":true,"href":"https:\/\/www.radioluna.it\/news\/wp-json\/wp\/v2\/categories?post=307351"},{"taxonomy":"post_tag","embeddable":true,"href":"https:\/\/www.radioluna.it\/news\/wp-json\/wp\/v2\/tags?post=307351"}],"curies":[{"name":"wp","href":"https:\/\/api.w.org\/{rel}","templated":true}]}}