{"id":307414,"date":"2022-03-07T12:10:49","date_gmt":"2022-03-07T11:10:49","guid":{"rendered":"https:\/\/www.radioluna.it\/news\/?p=307414"},"modified":"2022-03-07T12:05:27","modified_gmt":"2022-03-07T11:05:27","slug":"covid-in-provincia-di-latina-286-casi-e-un-nuovo-decesso-a-castelforte","status":"publish","type":"post","link":"https:\/\/www.radioluna.it\/news\/2022\/03\/covid-in-provincia-di-latina-286-casi-e-un-nuovo-decesso-a-castelforte\/","title":{"rendered":"Covid, in provincia di Latina 286 casi e un nuovo decesso a Castelforte"},"content":{"rendered":"<div id=\"fb-root\"><\/div>\n<p style=\"text-align: justify;\"><strong>LATINA &#8211;<\/strong> E&#8217; un dato un po&#8217; diverso dal solito, quello di oggi, luned\u00ec 7 marzo. Il covid continua la sua discesa, ma il confronto con i luned\u00ec precedenti (obbligatorio perch\u00e9 di domenica diminuisce il numero di tamponi eseguiti) mostra un saldo diverso: in provincia di Latina sono emersi complessivamente 286 nuovi positivi, un dato sensibilmente pi\u00f9 alto di quello registrato nei luned\u00ec precedenti (76 erano stati i casi luned\u00ec 28 febbraio e 184 il 21 febbraio). Da sottolineare anche che i tamponi eseguiti nella giornata di domenica 6 marzo sono stati meno di mille, un numero pi\u00f9 basso rispetto alle due settimane precedenti, e dunque il tasso di positivit\u00e0 \u00e8 salito al 30% circa.<\/p>\n<p style=\"text-align: justify;\">Aumentano anche i ricoveri che sono stati quattro nelle ultime 24 ore, con tre pazienti trattenuti al Goretti e uno inviato fuori provincia.<\/p>\n<p style=\"text-align: justify;\">Si \u00e8 registrato anche un decesso, si tratta di un uomo di Castelforte di 69 anni deceduto all&#8217;ospedale di Casal Palocco dove era ricoverato perch\u00e9 a rischio per patologia e perch\u00e9 non vaccinato. Il conteggio dei pontini deceduti da inizio pandemia a oggi sale a 815.<\/p>\n<p style=\"text-align: justify;\">I comuni con pi\u00f9 casi sono Latina che ne ha registrati 76, Aprilia 36, Formia 23, Cisterna 22, Priverno 18, Sabaudia e Minturno 15.<\/p>\n<p style=\"text-align: justify;\">\n","protected":false},"excerpt":{"rendered":"<p>LATINA &#8211; E&#8217; un dato un po&#8217; diverso dal solito, quello di oggi, luned\u00ec 7 marzo. Il covid continua la sua discesa, ma il confronto con i luned\u00ec precedenti (obbligatorio perch\u00e9 di domenica diminuisce il numero di tamponi eseguiti) mostra un saldo diverso: in provincia di Latina sono emersi complessivamente 286 nuovi positivi, un dato [&hellip;]<\/p>\n","protected":false},"author":62,"featured_media":301492,"comment_status":"open","ping_status":"open","sticky":false,"template":"","format":"standard","meta":{"footnotes":""},"categories":[2616],"tags":[],"class_list":["post-307414","post","type-post","status-publish","format-standard","has-post-thumbnail","hentry","category-sanita"],"_links":{"self":[{"href":"https:\/\/www.radioluna.it\/news\/wp-json\/wp\/v2\/posts\/307414","targetHints":{"allow":["GET"]}}],"collection":[{"href":"https:\/\/www.radioluna.it\/news\/wp-json\/wp\/v2\/posts"}],"about":[{"href":"https:\/\/www.radioluna.it\/news\/wp-json\/wp\/v2\/types\/post"}],"author":[{"embeddable":true,"href":"https:\/\/www.radioluna.it\/news\/wp-json\/wp\/v2\/users\/62"}],"replies":[{"embeddable":true,"href":"https:\/\/www.radioluna.it\/news\/wp-json\/wp\/v2\/comments?post=307414"}],"version-history":[{"count":0,"href":"https:\/\/www.radioluna.it\/news\/wp-json\/wp\/v2\/posts\/307414\/revisions"}],"wp:featuredmedia":[{"embeddable":true,"href":"https:\/\/www.radioluna.it\/news\/wp-json\/wp\/v2\/media\/301492"}],"wp:attachment":[{"href":"https:\/\/www.radioluna.it\/news\/wp-json\/wp\/v2\/media?parent=307414"}],"wp:term":[{"taxonomy":"category","embeddable":true,"href":"https:\/\/www.radioluna.it\/news\/wp-json\/wp\/v2\/categories?post=307414"},{"taxonomy":"post_tag","embeddable":true,"href":"https:\/\/www.radioluna.it\/news\/wp-json\/wp\/v2\/tags?post=307414"}],"curies":[{"name":"wp","href":"https:\/\/api.w.org\/{rel}","templated":true}]}}