{"id":307421,"date":"2022-03-07T11:48:25","date_gmt":"2022-03-07T10:48:25","guid":{"rendered":"https:\/\/www.radioluna.it\/news\/?p=307421"},"modified":"2022-03-15T13:44:05","modified_gmt":"2022-03-15T12:44:05","slug":"giornata-della-donna-la-asl-organizza-la-cultura-del-rispetto-contro-la-violenza-di-genere","status":"publish","type":"post","link":"https:\/\/www.radioluna.it\/news\/2022\/03\/giornata-della-donna-la-asl-organizza-la-cultura-del-rispetto-contro-la-violenza-di-genere\/","title":{"rendered":"Giornata della Donna, la Asl organizza &#8220;La cultura del rispetto contro la violenza di genere&#8221;"},"content":{"rendered":"<div id=\"fb-root\"><\/div>\n<p style=\"text-align: justify;\"><strong>LATINA &#8211; La Asl di Latina\u00a0<\/strong>in occasione dell&#8217;<strong>8 marzo, Giornata internazionale della donna,<\/strong> ha organizzato il convegno dal titolo &#8220;<strong>Community Care: La Cultura del rispetto contro la violenza di genere<\/strong>&#8221; che si terr\u00e0 dalle 09 alle\u00a0 13 di marted\u00ec 8 marzo, nella\u00a0 <strong>Sala Conferenze\u00a0 del Ce.R.S.I.Te.S<\/strong> nella sede del Polo di Latina della Sapienza in Viale XXIV maggio.<\/p>\n<p style=\"text-align: justify;\">Dopo il saluto delle istituzioni, del Prefetto di Latina Maurizio Falco, del Procuratore Capo della Procura della Repubblica di Latina Giuseppe De Falco, del Questore Michele Spina e del Comandante Provinciale dei Carabinieri di Latina Col. Lorenzo D\u2019Aloia,\u00a0<strong>la direttrice generale della Asl di Latina Silvia Cavalli<\/strong> dar\u00e0 la parola al Vescovo Mariano Crociata che parler\u00e0 della realt\u00e0 dei &#8220;Consultori diocesani come case di umanit\u00e0 nel contrasto alla violenza di genere&#8221;.<\/p>\n<p style=\"text-align: justify;\">Quindi, <strong>alle 10.15 prender\u00e0 il via la Tavola Rotonda dal titolo &#8220;Sviluppo delle relazioni e costruzione di progetti condivisi tra i servizi della rete provinciale, per le iniziative a contrasto della violenza di genere&#8221;<\/strong> moderata dalla direttrice della Uoc \u00a0Professioni Sanitarie Roberta Biaggi. Si parler\u00e0 dell&#8217;Applicazione dei Protocolli di assistenza nel Pronto soccorso: presentazione dei dati ASL Latina con la direttrice della UOC di Pronto soccorso di Latina,\u00a0 Rita Dal Piaz; delle Attivit\u00e0 servizi territoriali ASL Latina per il contrasto alla violenza sulle donne con il Direttore Dip.to funzionale distrettuale ASL Latina,\u00a0 Belardino Rossi. E ancora si affronteranno i temi &#8220;Dalla segnalazione di sospetto abuso e\/o maltrattamento alle ripercussioni sullo sviluppo del minore: la risposta dei Servizi e le prospettive future&#8221; con la Neuropsichiatra infantile Elena Vittori e la Psicologa Marianna Totani della ASL Latina.<br \/>\nL&#8217;assistente sociale Lorenzo Forte relazioner\u00e0 poi su &#8221; L\u2019integrazione dei servizi d\u2019aiuto per il contrasto alla volenza di genere&#8221;; si parler\u00e0 degli Interventi per intercettare abusi o violenze e management assistenziale nei servizi per la salute della donna con la responsabile ostetrica del Percorso Nascita e Assistenza Consultoriale\u00a0 Giovanna Rossi, di Interventi educativi a favore del rispetto di genere con la Dirigente Liceo Istituto A. Manzoni Latina &#8211; Paola Di Veroli; della Rete per il contrasto e la prevenzione della violenza di genere e domestica, un servizio per la comunit\u00e0\u201d con la Presidente Centro donna Lilith di Latina,\u00a0 Francesca Innocenti.<br \/>\nIl Codice rosso e lo stato dell\u2019arte nell\u2019attuazione della normativa in provincia di Latina sar\u00e0 affrontato prima delle conclusioni dal Procuratore Aggiunto e Coordinatore Codice rosso della Procura della Repubblica di Latina, Carlo Lasperanza.<\/p>\n<p>Alle 13, le conclusioni.<\/p>\n","protected":false},"excerpt":{"rendered":"<p>LATINA &#8211; La Asl di Latina\u00a0in occasione dell&#8217;8 marzo, Giornata internazionale della donna, ha organizzato il convegno dal titolo &#8220;Community Care: La Cultura del rispetto contro la violenza di genere&#8221; che si terr\u00e0 dalle 09 alle\u00a0 13 di marted\u00ec 8 marzo, nella\u00a0 Sala Conferenze\u00a0 del Ce.R.S.I.Te.S nella sede del Polo di Latina della Sapienza in [&hellip;]<\/p>\n","protected":false},"author":62,"featured_media":307422,"comment_status":"open","ping_status":"open","sticky":false,"template":"","format":"standard","meta":{"footnotes":""},"categories":[16],"tags":[],"class_list":["post-307421","post","type-post","status-publish","format-standard","has-post-thumbnail","hentry","category-appuntamenti"],"_links":{"self":[{"href":"https:\/\/www.radioluna.it\/news\/wp-json\/wp\/v2\/posts\/307421","targetHints":{"allow":["GET"]}}],"collection":[{"href":"https:\/\/www.radioluna.it\/news\/wp-json\/wp\/v2\/posts"}],"about":[{"href":"https:\/\/www.radioluna.it\/news\/wp-json\/wp\/v2\/types\/post"}],"author":[{"embeddable":true,"href":"https:\/\/www.radioluna.it\/news\/wp-json\/wp\/v2\/users\/62"}],"replies":[{"embeddable":true,"href":"https:\/\/www.radioluna.it\/news\/wp-json\/wp\/v2\/comments?post=307421"}],"version-history":[{"count":0,"href":"https:\/\/www.radioluna.it\/news\/wp-json\/wp\/v2\/posts\/307421\/revisions"}],"wp:featuredmedia":[{"embeddable":true,"href":"https:\/\/www.radioluna.it\/news\/wp-json\/wp\/v2\/media\/307422"}],"wp:attachment":[{"href":"https:\/\/www.radioluna.it\/news\/wp-json\/wp\/v2\/media?parent=307421"}],"wp:term":[{"taxonomy":"category","embeddable":true,"href":"https:\/\/www.radioluna.it\/news\/wp-json\/wp\/v2\/categories?post=307421"},{"taxonomy":"post_tag","embeddable":true,"href":"https:\/\/www.radioluna.it\/news\/wp-json\/wp\/v2\/tags?post=307421"}],"curies":[{"name":"wp","href":"https:\/\/api.w.org\/{rel}","templated":true}]}}