{"id":307425,"date":"2022-03-07T13:38:36","date_gmt":"2022-03-07T12:38:36","guid":{"rendered":"https:\/\/www.radioluna.it\/news\/?p=307425"},"modified":"2022-03-07T13:38:36","modified_gmt":"2022-03-07T12:38:36","slug":"isola-pedonale-a-latina-il-pd-gela-de-amicis-la-ztl-non-si-tocca","status":"publish","type":"post","link":"https:\/\/www.radioluna.it\/news\/2022\/03\/isola-pedonale-a-latina-il-pd-gela-de-amicis-la-ztl-non-si-tocca\/","title":{"rendered":"Isola pedonale a Latina, il Pd gela De Amicis: &#8220;La ztl non si tocca&#8221;"},"content":{"rendered":"<div id=\"fb-root\"><\/div>\n<p style=\"text-align: justify;\"><strong>LATINA\u00a0 &#8211;<\/strong> In una riflessione sul centro storico di Latina, il consigliere comunale e <strong>capogruppo Pd Enzo De Amicis<\/strong> dice la sua sulla Ztl e fa arrabbiare anche i suoi. &#8220;Cos\u00ec come ha vissuto passivamente questa lunga fase di rodaggio\u00a0 &#8211; scrive De Amicis &#8211; non mi sembra che abbia sortito affatto la sua funzione per le attitudini della gente di questa citt\u00e0 e per le opportunit\u00e0 economiche, sociali e politiche che ne potevano derivare. Poi aggiunge: &#8220;O si riesce finalmente a materializzare una vera idea di Centro Storico con la ZTL o <strong>sarebbe piu&#8217; opportuno relegarla, cos\u00ec come \u00e8, ai fine settimana<\/strong> ripopolando la vita del Centro negli altri giorni. In conclusione c&#8217;\u00e8 una griglia ampia di opportunit\u00e0&#8217; di discussione politica per rispondere alle aspettative di sviluppo del Centro Storico e della societ\u00e0 nel suo complesso che non possiamo in questa fase eludere&#8221;.<\/p>\n<p style=\"text-align: justify;\">Rispondono <strong>i consiglieri del Partito democratico Fiore, Majocchi e Malandruccolo<\/strong> che ribadiscono nettamente la linea del partito: &#8220;<strong>Sulla Ztl non si torna indietro<\/strong>. Ci sono dei miglioramenti da fare, ma l\u2019area pedonale in centro non va cancellata. E\u2019 una scelta giusta, sostenibile e orientata all\u2019interesse della collettivit\u00e0 &#8211; scrivono in una nota congiunta, motivando &#8211; L&#8217;isola pedonale ha migliorato il profilo urbanistico, commerciale e sociale del centro cittadino rendendolo pi\u00f9 vivibile. E\u2019 una scelta giusta, fatta nel segno della sostenibilit\u00e0 e della modernit\u00e0: la strada intrapresa va valorizzata, non certo abbandonata&#8221;.<img loading=\"lazy\" decoding=\"async\" class=\" wp-image-183325 alignright\" src=\"https:\/\/www.radioluna.it\/news\/wp-content\/uploads\/2016\/10\/ztl-latina-689x462-1.jpg\" alt=\"\" width=\"447\" height=\"300\" srcset=\"https:\/\/www.radioluna.it\/news\/wp-content\/uploads\/2016\/10\/ztl-latina-689x462-1.jpg 689w, https:\/\/www.radioluna.it\/news\/wp-content\/uploads\/2016\/10\/ztl-latina-689x462-1-300x201.jpg 300w\" sizes=\"auto, (max-width: 447px) 100vw, 447px\" \/><\/p>\n<p style=\"text-align: justify;\">Rincara<strong> il neosegretario comunale del Pd, Leonardo Majocchi:<\/strong> \u00abRidurre il numero di auto in centro ha a che fare con la salute, la vivibilit\u00e0 della citt\u00e0, la qualit\u00e0 della vita. Tanti sindaci d\u2019Italia hanno portato avanti questa scelta, pure quando osteggiata dagli operatori commerciali, ma dove l\u2019area pedonale funziona sono proprio i commercianti a non voler tornare indietro. La nostra Ztl &#8211; continua &#8211; va migliorata e resa pi\u00f9 funzionale, \u00e8 fuor di dubbio, ma resta fermo un punto: per un partito che vede nel tema della sostenibilit\u00e0 una priorit\u00e0 assoluta, non si pu\u00f2 che ripartire dalla Ztl. Nessuna retromarcia, dunque\u00bb.<\/p>\n<div class=\"radio-posizionamento-telefono-in-articoli-dopo-il-contenuto-articolo radio-entity-placement\" id=\"radio-402958289\"><div id=\"radio-3534470747\" style=\"width: 300px;height: 250px;\"><a href=\"https:\/\/www.icarspa.it\/auto\/usate\/latina\/\" aria-label=\"banner aprile icar new life &#8211; auto usate latina\"><img loading=\"lazy\" decoding=\"async\" src=\"https:\/\/www.radioluna.it\/news\/wp-content\/uploads\/2026\/02\/banner-aprile-icar-new-life-auto-usate-latina.gif\" alt=\"\"  width=\"300\" height=\"250\"   \/><\/a><\/div><\/div>","protected":false},"excerpt":{"rendered":"<p>LATINA\u00a0 &#8211; In una riflessione sul centro storico di Latina, il consigliere comunale e capogruppo Pd Enzo De Amicis dice la sua sulla Ztl e fa arrabbiare anche i suoi. &#8220;Cos\u00ec come ha vissuto passivamente questa lunga fase di rodaggio\u00a0 &#8211; scrive De Amicis &#8211; non mi sembra che abbia sortito affatto la sua funzione [&hellip;]<\/p>\n","protected":false},"author":62,"featured_media":307427,"comment_status":"open","ping_status":"open","sticky":false,"template":"","format":"standard","meta":{"footnotes":""},"categories":[735],"tags":[],"class_list":["post-307425","post","type-post","status-publish","format-standard","has-post-thumbnail","hentry","category-attualita"],"_links":{"self":[{"href":"https:\/\/www.radioluna.it\/news\/wp-json\/wp\/v2\/posts\/307425","targetHints":{"allow":["GET"]}}],"collection":[{"href":"https:\/\/www.radioluna.it\/news\/wp-json\/wp\/v2\/posts"}],"about":[{"href":"https:\/\/www.radioluna.it\/news\/wp-json\/wp\/v2\/types\/post"}],"author":[{"embeddable":true,"href":"https:\/\/www.radioluna.it\/news\/wp-json\/wp\/v2\/users\/62"}],"replies":[{"embeddable":true,"href":"https:\/\/www.radioluna.it\/news\/wp-json\/wp\/v2\/comments?post=307425"}],"version-history":[{"count":0,"href":"https:\/\/www.radioluna.it\/news\/wp-json\/wp\/v2\/posts\/307425\/revisions"}],"wp:featuredmedia":[{"embeddable":true,"href":"https:\/\/www.radioluna.it\/news\/wp-json\/wp\/v2\/media\/307427"}],"wp:attachment":[{"href":"https:\/\/www.radioluna.it\/news\/wp-json\/wp\/v2\/media?parent=307425"}],"wp:term":[{"taxonomy":"category","embeddable":true,"href":"https:\/\/www.radioluna.it\/news\/wp-json\/wp\/v2\/categories?post=307425"},{"taxonomy":"post_tag","embeddable":true,"href":"https:\/\/www.radioluna.it\/news\/wp-json\/wp\/v2\/tags?post=307425"}],"curies":[{"name":"wp","href":"https:\/\/api.w.org\/{rel}","templated":true}]}}