{"id":307479,"date":"2022-03-08T18:41:03","date_gmt":"2022-03-08T17:41:03","guid":{"rendered":"https:\/\/www.radioluna.it\/news\/?p=307479"},"modified":"2022-03-08T18:41:03","modified_gmt":"2022-03-08T17:41:03","slug":"latina-primo-consiglio-in-modalita-mista-la-proposta-di-malandruccolo-pd","status":"publish","type":"post","link":"https:\/\/www.radioluna.it\/news\/2022\/03\/latina-primo-consiglio-in-modalita-mista-la-proposta-di-malandruccolo-pd\/","title":{"rendered":"Latina, primo consiglio in modalit\u00e0 mista, la proposta di Malandruccolo (Pd)"},"content":{"rendered":"<div id=\"fb-root\"><\/div>\n<p style=\"text-align: justify;\"><strong>LATINA<\/strong> &#8211; Si svolger\u00e0 gioved\u00ec il primo consiglio comunale di Latina in modalit\u00e0 mista: chi vorr\u00e0 potr\u00e0 seguirlo in presenza e chi invece dovr\u00e0 o vorr\u00e0 stare a casa potr\u00e0 non far mancare la sua presenza. Succede perch\u00e9 ufficialmente lo stato di emergenza per covid \u00e8 ancora in vigore e non terminer\u00e0 prima della fine del mese di marzo. Ma c&#8217;\u00e8 un consigliere che chiede di rendere non occasionale il &#8220;doppio binario&#8221;, fino a quando il rischio di contagio non cesser\u00e0.<\/p>\n<p style=\"text-align: justify;\">&#8220;Senza voler entrare nel merito delle polemiche, \u00e8 opportuno\u00a0 &#8211; scrive in una nota Tommaso Malandruccolo del Pd &#8211;\u00a0 considerare l\u2019attuale formula della partecipazione a distanza non un espediente provvisorio per starsene comodamente a casa in pantofole, ma una forma di \u201csmart working\u201d provvisorio legato all\u2019emergenza Covid, che eviti l\u2019eventualit\u00e0 che un contatto a rischio possa compromettere il normale svolgimento dei lavori futuri, bloccando di fatto l\u2019attivit\u00e0 di indirizzo politico&#8221;.<\/p>\n<p style=\"text-align: justify;\">Non un capriccio o un escamotage ma un&#8217;esigenza che ha a che fare con i contagi : &#8220;E\u2019 opportuno sottolineare come in questo scorcio di consiliatura siano gi\u00e0 stati diversi i casi di contagio fra gli interessati. Proprio su questo punto si intende invitare tutto il Consiglio Comunale ad una riflessione che si decontestualizzi dalle motivazioni che oggi animano il dibattito, eccessivamente ideologizzato, come se ruotasse attorno ad un tema etico. Noi Consiglieri Comunali, cos\u00ec come qualsiasi altra carica elettiva, siamo espressione della volont\u00e0 popolare, che dovrebbe essere sempre tutelata in presenza di circostanze avverse e non altrimenti ovviabili. Per questo motivo andrebbero rimossi tutti gli ostacoli che possano impedire la partecipazione alle varie assise, eliminando quel vulnus che oggi determina un nocumento all\u2019esercizio del mandato pubblico conferito, alterando inoltre gli equilibri della geografia politico-amministrativa sancita dalle urne&#8221;.<\/p>\n<p style=\"text-align: justify;\">A tal proposito il Consigliere Tommaso Malandruccolo ha presentato alla Presidente della mento in presenza, cos\u00ec come da regolamento.<\/p>\n<p style=\"text-align: justify;\">&#8220;Ovviamente\u00a0 &#8211; conclude &#8211; tale possibilit\u00e0 sarebbe riservata in via esclusiva solo a coloro impossibilitati alla presenza fisica per ragioni particolari e ben definite, quali ad esempio motivi di salute, trasferte e permanenze fuori comune per indifferibili motivi di lavoro e di studio, per gravi situazioni di natura familiare, tutti motivi che andrebbero compiutamente documentati. Il Partito Democratico ritiene che questo passo sia un principio di civilt\u00e0 e di pari opportunit\u00e0, oltre che di modernit\u00e0, che nulla sottrae alla solennit\u00e0 dell\u2019assise pi\u00f9 alta di una comunit\u00e0, tantomeno ai suoi obiettivi istituzionali&#8221;.<\/p>\n<p>&nbsp;<\/p>\n","protected":false},"excerpt":{"rendered":"<p>LATINA &#8211; Si svolger\u00e0 gioved\u00ec il primo consiglio comunale di Latina in modalit\u00e0 mista: chi vorr\u00e0 potr\u00e0 seguirlo in presenza e chi invece dovr\u00e0 o vorr\u00e0 stare a casa potr\u00e0 non far mancare la sua presenza. Succede perch\u00e9 ufficialmente lo stato di emergenza per covid \u00e8 ancora in vigore e non terminer\u00e0 prima della fine [&hellip;]<\/p>\n","protected":false},"author":62,"featured_media":307484,"comment_status":"open","ping_status":"open","sticky":false,"template":"","format":"standard","meta":{"footnotes":""},"categories":[8],"tags":[],"class_list":["post-307479","post","type-post","status-publish","format-standard","has-post-thumbnail","hentry","category-politica"],"_links":{"self":[{"href":"https:\/\/www.radioluna.it\/news\/wp-json\/wp\/v2\/posts\/307479","targetHints":{"allow":["GET"]}}],"collection":[{"href":"https:\/\/www.radioluna.it\/news\/wp-json\/wp\/v2\/posts"}],"about":[{"href":"https:\/\/www.radioluna.it\/news\/wp-json\/wp\/v2\/types\/post"}],"author":[{"embeddable":true,"href":"https:\/\/www.radioluna.it\/news\/wp-json\/wp\/v2\/users\/62"}],"replies":[{"embeddable":true,"href":"https:\/\/www.radioluna.it\/news\/wp-json\/wp\/v2\/comments?post=307479"}],"version-history":[{"count":0,"href":"https:\/\/www.radioluna.it\/news\/wp-json\/wp\/v2\/posts\/307479\/revisions"}],"wp:featuredmedia":[{"embeddable":true,"href":"https:\/\/www.radioluna.it\/news\/wp-json\/wp\/v2\/media\/307484"}],"wp:attachment":[{"href":"https:\/\/www.radioluna.it\/news\/wp-json\/wp\/v2\/media?parent=307479"}],"wp:term":[{"taxonomy":"category","embeddable":true,"href":"https:\/\/www.radioluna.it\/news\/wp-json\/wp\/v2\/categories?post=307479"},{"taxonomy":"post_tag","embeddable":true,"href":"https:\/\/www.radioluna.it\/news\/wp-json\/wp\/v2\/tags?post=307479"}],"curies":[{"name":"wp","href":"https:\/\/api.w.org\/{rel}","templated":true}]}}