{"id":307481,"date":"2022-03-08T16:20:01","date_gmt":"2022-03-08T15:20:01","guid":{"rendered":"https:\/\/www.radioluna.it\/news\/?p=307481"},"modified":"2022-03-09T11:44:34","modified_gmt":"2022-03-09T10:44:34","slug":"la-asl-di-latina-definisce-i-percorsi-per-lassistenza-sanitaria-ai-profughi-ucraini","status":"publish","type":"post","link":"https:\/\/www.radioluna.it\/news\/2022\/03\/la-asl-di-latina-definisce-i-percorsi-per-lassistenza-sanitaria-ai-profughi-ucraini\/","title":{"rendered":"La Asl di Latina definisce i percorsi per l&#8217;assistenza sanitaria ai profughi Ucraini"},"content":{"rendered":"<div id=\"fb-root\"><\/div>\n<p style=\"text-align: justify;\"><strong>LATINA<\/strong> &#8211; <strong>La Asl di Latina ha definito i percorsi necessari a garantire assistenza sanitaria ai profughi che fuggono dal conflitto in Ucraina,<\/strong> e per facilitare l\u2019accesso ai servizi <strong>ha attivato tre punti fisici a Latina, Formia e Terracina<\/strong>, abilitati al rilascio del tesserino STP, indispensabile per l\u2019accesso al servizio sanitario regionale, l&#8217;esecuzione tampone rino-faringeo per la ricerca del Covid-19, l\u2019 eventuale somministrazione della vaccinazione anti Covid-19, e la prima valutazione dello stato di salute e dello stato vaccinale del cittadino ucraino.<\/p>\n<p style=\"text-align: justify;\"><strong>I punti di accesso scelti sono la ex Rossi Sud sulla via dei Monti Lepini a Latina, l\u2019 Ospedale Fiorini di Terracina e l\u2019hub del centro commerciale Itaca di Formia<\/strong> negli orari gi\u00e0 previsti di apertura per la campagna vaccinale.<\/p>\n<p style=\"text-align: justify;\">C\u2019\u00e8 <strong>anche una mail ucraina@ausl.latina.it<\/strong> e <strong>un numero \u00a0telefonico dedicato 0773\/6553204,<\/strong> attivo dal luned\u00ec al venerd\u00ec dalle ore 10.00 alle ore 19.00. \u00c8 possibile avere ulteriori informazioni anche chiamando il numero verde della Regione Lazio<strong>: 800.118.800<\/strong><\/p>\n<p style=\"text-align: justify;\">Intanto fino ad oggi nel Lazio sono state assicurate prestazioni sanitarie a 1000 persone. Lo ha detto oggi l\u2019assessore regionale alla sanit\u00e0 Alessio D\u2019Amato in un\u2019intervista all\u2019Ansa spiegando che presto saranno accolti 100 bambini in fuga dal loro paese, bisognosi di cure.<\/p>\n<audio class=\"wp-audio-shortcode\" id=\"audio-307481-1\" preload=\"none\" style=\"width: 100%;\" controls=\"controls\"><source type=\"audio\/mpeg\" src=\"https:\/\/www.radioluna.it\/news\/wp-content\/uploads\/2022\/03\/bambini-damato.mp3?_=1\" \/><a href=\"https:\/\/www.radioluna.it\/news\/wp-content\/uploads\/2022\/03\/bambini-damato.mp3\">https:\/\/www.radioluna.it\/news\/wp-content\/uploads\/2022\/03\/bambini-damato.mp3<\/a><\/audio>\n<p><strong>GLI ORARI DEGLI HUB<\/strong><\/p>\n<p><img loading=\"lazy\" decoding=\"async\" class=\"aligncenter size-full wp-image-307487\" src=\"https:\/\/www.radioluna.it\/news\/wp-content\/uploads\/2022\/03\/TABELLA-ORARI.jpg\" alt=\"\" width=\"658\" height=\"166\" \/><\/p>\n<p>&nbsp;<\/p>\n<div class=\"radio-posizionamento-telefono-in-articoli-dopo-il-contenuto-articolo radio-entity-placement\" id=\"radio-1430287786\"><div id=\"radio-2929158138\"><a href=\"https:\/\/www.simeoneceramiche.com\/\" aria-label=\"SIMEONE CERAMICHE GIF animata per radioluna_Tavola disegno 1 copia 2 (online-video-cutter.com)\"><img loading=\"lazy\" decoding=\"async\" src=\"https:\/\/www.radioluna.it\/news\/wp-content\/uploads\/2025\/05\/SIMEONE-CERAMICHE-GIF-animata-per-radioluna_Tavola-disegno-1-copia-2-online-video-cutter.com_.gif\" alt=\"\"  width=\"300\" height=\"250\"   \/><\/a><\/div><\/div>","protected":false},"excerpt":{"rendered":"<p>LATINA &#8211; La Asl di Latina ha definito i percorsi necessari a garantire assistenza sanitaria ai profughi che fuggono dal conflitto in Ucraina, e per facilitare l\u2019accesso ai servizi ha attivato tre punti fisici a Latina, Formia e Terracina, abilitati al rilascio del tesserino STP, indispensabile per l\u2019accesso al servizio sanitario regionale, l&#8217;esecuzione tampone rino-faringeo [&hellip;]<\/p>\n","protected":false},"author":62,"featured_media":288504,"comment_status":"open","ping_status":"open","sticky":false,"template":"","format":"standard","meta":{"footnotes":""},"categories":[2310,7],"tags":[],"class_list":["post-307481","post","type-post","status-publish","format-standard","has-post-thumbnail","hentry","category-audio","category-cronaca"],"_links":{"self":[{"href":"https:\/\/www.radioluna.it\/news\/wp-json\/wp\/v2\/posts\/307481","targetHints":{"allow":["GET"]}}],"collection":[{"href":"https:\/\/www.radioluna.it\/news\/wp-json\/wp\/v2\/posts"}],"about":[{"href":"https:\/\/www.radioluna.it\/news\/wp-json\/wp\/v2\/types\/post"}],"author":[{"embeddable":true,"href":"https:\/\/www.radioluna.it\/news\/wp-json\/wp\/v2\/users\/62"}],"replies":[{"embeddable":true,"href":"https:\/\/www.radioluna.it\/news\/wp-json\/wp\/v2\/comments?post=307481"}],"version-history":[{"count":0,"href":"https:\/\/www.radioluna.it\/news\/wp-json\/wp\/v2\/posts\/307481\/revisions"}],"wp:featuredmedia":[{"embeddable":true,"href":"https:\/\/www.radioluna.it\/news\/wp-json\/wp\/v2\/media\/288504"}],"wp:attachment":[{"href":"https:\/\/www.radioluna.it\/news\/wp-json\/wp\/v2\/media?parent=307481"}],"wp:term":[{"taxonomy":"category","embeddable":true,"href":"https:\/\/www.radioluna.it\/news\/wp-json\/wp\/v2\/categories?post=307481"},{"taxonomy":"post_tag","embeddable":true,"href":"https:\/\/www.radioluna.it\/news\/wp-json\/wp\/v2\/tags?post=307481"}],"curies":[{"name":"wp","href":"https:\/\/api.w.org\/{rel}","templated":true}]}}