{"id":307559,"date":"2022-03-10T15:04:09","date_gmt":"2022-03-10T14:04:09","guid":{"rendered":"https:\/\/www.radioluna.it\/news\/?p=307559"},"modified":"2022-03-10T15:04:09","modified_gmt":"2022-03-10T14:04:09","slug":"agenda-digitale-del-lazio-rendere-digitalmente-abile-il-70-della-popolazione","status":"publish","type":"post","link":"https:\/\/www.radioluna.it\/news\/2022\/03\/agenda-digitale-del-lazio-rendere-digitalmente-abile-il-70-della-popolazione\/","title":{"rendered":"Agenda digitale del Lazio: &#8220;Rendere digitalmente abile il 70% della popolazione&#8221;"},"content":{"rendered":"<div id=\"fb-root\"><\/div>\n<p style=\"text-align: justify;\"><strong>LATINA &#8211;<\/strong> E&#8217; stata presentata oggi la nuova Agenda Digitale 2022-2026 del Lazio che ha come obiettivi principali da raggiungere entro il 2026 cinque obiettivi: colmare il gap digitale, rendendo digitalmente abile almeno il 70% della popolazione; raddoppiare la popolazione in possesso di competenze digitali avanzate; incrementare del 50% la quota delle micro, piccole e medie imprese che utilizzano specialisti ICT; raggiungere almeno il 65% di popolazione che utilizza servizi pubblici digitali; elevare all\u201980% la percentuale di popolazione che utilizza Internet.<\/p>\n<p style=\"text-align: justify;\">Lo hanno spiegato il Vice Presidente, Daniele Leodori e l\u2019Assessora alla Transizione Ecologica e Trasformazione Digitale, Roberta Lombardi avviando anche la consultazione pubblica on line sul sito web dell\u2019Agenda Digitale regionale (<a href=\"https:\/\/agendadigitalelazio.lazioinnova.it\">https:\/\/agendadigitalelazio.lazioinnova.it<\/a>) rivolta a\u00a0tre principali categorie di destinatari\u00a0&#8211; cittadini, imprese ed Enti Locali \u2013 che potranno esprimersi sulle\u00a0cinque macro-aree strategiche e di azione\u00a0dell\u2019Agenda Digitale: 1. Infrastrutture abilitanti; 2. Cybersecurity; 3. Cultura digitale e competenze digitali delle persone; 4. Accessibilit\u00e0 alla tecnologia; 5. Design dei servizi e delle relazioni: fruibilit\u00e0 dei servizi e semplificazione dei processi.<\/p>\n<p style=\"text-align: justify;\">\u201cPi\u00f9 dati, usati meglio e di pi\u00f9 per una migliore qualit\u00e0 della vita, maggiore competitivit\u00e0 e servizi pi\u00f9 accessibili\u201d, sintetizzano i due assessori. &#8220;Con la nuova Agenda facciamo fare un significativo balzo in avanti alla capacit\u00e0 digitale del Lazio, definendo le strategie di sviluppo e innovazione per i prossimi 5 anni. I nostri sforzi sono orientati a condurre i cittadini, le imprese e gli Enti locali della nostra regione verso una crescita intelligente, sostenibile e inclusiva. Un percorso condiviso, diretto a implementare una comune strategia finalizzata a rafforzare e sviluppare la competizione digitale, individuando priorit\u00e0 e modalit\u00e0 di intervento utili a creare uno spazio tecnologico pi\u00f9 tutelato ma anche, allo stesso tempo, pi\u00f9 aperto\u201d, specifica Leodori.<\/p>\n<p style=\"text-align: justify;\">\u201cCon l\u2019avvio della consultazione pubblica in rete iniziamo subito a raccogliere i contributi dei vari attori coinvolti. Un processo partecipativo che nelle prossime settimane proseguiremo anche con una serie di incontri e iniziative nei territori del Lazio per recepire input e osservazioni utili a migliorare la nuova Agenda Digitale regionale. Fondamentale il tema delle competenze digitali. Lo stesso PNRR, infatti, prevede una misura specifica, per 135 milioni di euro complessivi in tutta Italia, per i cosiddetti punti di facilitazione digitale, per favorire la formazione per quelle persone che difficilmente vi hanno accesso, come persone anziane o a bassa scolarit\u00e0. Per questo\u00a0oggi annuncio che come Regione Lazio abbiamo chiesto in Conferenza Stato Regioni di includere in questo percorso formativo per lo sviluppo delle competenze digitali anche i percettori del Reddito di Cittadinanza, affinch\u00e9 questi possano avere maggiori possibilit\u00e0 per ricollocarsi nel mondo del lavoro\u201d, dichiara\u00a0Roberta Lombardi, assessora alla Transizione Ecologica e Trasformazione Digitale della Regione Lazio.<\/p>\n<p style=\"text-align: justify;\">\n","protected":false},"excerpt":{"rendered":"<p>LATINA &#8211; E&#8217; stata presentata oggi la nuova Agenda Digitale 2022-2026 del Lazio che ha come obiettivi principali da raggiungere entro il 2026 cinque obiettivi: colmare il gap digitale, rendendo digitalmente abile almeno il 70% della popolazione; raddoppiare la popolazione in possesso di competenze digitali avanzate; incrementare del 50% la quota delle micro, piccole e [&hellip;]<\/p>\n","protected":false},"author":62,"featured_media":307560,"comment_status":"open","ping_status":"open","sticky":false,"template":"","format":"standard","meta":{"footnotes":""},"categories":[11],"tags":[],"class_list":["post-307559","post","type-post","status-publish","format-standard","has-post-thumbnail","hentry","category-economia"],"_links":{"self":[{"href":"https:\/\/www.radioluna.it\/news\/wp-json\/wp\/v2\/posts\/307559","targetHints":{"allow":["GET"]}}],"collection":[{"href":"https:\/\/www.radioluna.it\/news\/wp-json\/wp\/v2\/posts"}],"about":[{"href":"https:\/\/www.radioluna.it\/news\/wp-json\/wp\/v2\/types\/post"}],"author":[{"embeddable":true,"href":"https:\/\/www.radioluna.it\/news\/wp-json\/wp\/v2\/users\/62"}],"replies":[{"embeddable":true,"href":"https:\/\/www.radioluna.it\/news\/wp-json\/wp\/v2\/comments?post=307559"}],"version-history":[{"count":0,"href":"https:\/\/www.radioluna.it\/news\/wp-json\/wp\/v2\/posts\/307559\/revisions"}],"wp:featuredmedia":[{"embeddable":true,"href":"https:\/\/www.radioluna.it\/news\/wp-json\/wp\/v2\/media\/307560"}],"wp:attachment":[{"href":"https:\/\/www.radioluna.it\/news\/wp-json\/wp\/v2\/media?parent=307559"}],"wp:term":[{"taxonomy":"category","embeddable":true,"href":"https:\/\/www.radioluna.it\/news\/wp-json\/wp\/v2\/categories?post=307559"},{"taxonomy":"post_tag","embeddable":true,"href":"https:\/\/www.radioluna.it\/news\/wp-json\/wp\/v2\/tags?post=307559"}],"curies":[{"name":"wp","href":"https:\/\/api.w.org\/{rel}","templated":true}]}}