{"id":307562,"date":"2022-03-10T15:53:13","date_gmt":"2022-03-10T14:53:13","guid":{"rendered":"https:\/\/www.radioluna.it\/news\/?p=307562"},"modified":"2022-03-15T13:45:58","modified_gmt":"2022-03-15T12:45:58","slug":"la-storia-di-irina-ana-e-marena-in-fuga-dallucraina-e-benvenute-a-latina","status":"publish","type":"post","link":"https:\/\/www.radioluna.it\/news\/2022\/03\/la-storia-di-irina-ana-e-marena-in-fuga-dallucraina-e-benvenute-a-latina\/","title":{"rendered":"La storia di Irina, Ana e Marena in fuga dall&#8217;Ucraina e benvenute a Latina"},"content":{"rendered":"<div id=\"fb-root\"><\/div>\n<p style=\"text-align: justify;\"><strong>LATINA\u00a0 &#8211; <\/strong>&#8220;<strong>La nostra famiglia ringrazia sinceramente le persone che oggi ci stanno aiutando<\/strong> ad adattarci al nostro nuovo Paese. <strong>Fuggendo dalle possibili conseguenze della guerra in corso in Ucraina<\/strong>, temendo costantemente per la vita dei figli, lasciando in un momento tutto ci\u00f2 che si \u00e8 guadagnato durante la vita, dobbiamo ricominciare da zero in un paese straniero: imparare a capire, parlare e scrivere per trovare vestiti e alloggio, per ottenere pane e acqua da qualche parte. Andando <strong>a Latina, ho pianto quando pensavo di non poter trovare un alloggio, cibo caldo per i miei figli. Tuttavia, grazie a Dio, le persone con un grande cuore caldo ci hanno incontrato dal primo minuto e continuano a preoccuparsi per la nostra famiglia ogni giorno<\/strong>&#8220;.<\/p>\n<p style=\"text-align: justify;\">Cos\u00ec, e grazie a Google traduttore capace di abbatte le barriere della lingua,<strong> Irina, <\/strong>racconta la sua storia di profuga dall&#8217;Ucraina e ringrazia <strong>Nicoletta Zuliani Cammilletti, insegnante d&#8217;inglese conosciutissima a Latina anche per la sua attivit\u00e0 politica<\/strong>, che ha deciso con il marito e i figli di condividere la sua casa e stravolgere la sua &#8220;comoda&#8221; routine, per accogliere lei e\u00a0 sue ragazze giovanissime. Tre donne in fuga dall&#8217;Ucraina arrivate a Latina domenica e da marted\u00ec ospiti della nuova famiglia. <strong>Irina ha 43 anni, Ana\u00a0 e Marena, 12 e 14 anni<\/strong>. La prima \u00e8 chiamata ad una tripla doppia sfida: ricominciare a vivere in un nuovo Paese, provare a garantire un futuro alle sue figlie\u00a0 e continuare a combattere contro una malattia oncologica che richieder\u00e0, a brevissimo, un nuovo ciclo di chemioterapia.<\/p>\n<p style=\"text-align: justify;\">&#8220;<strong>Sono arrivate a casa nostra l&#8217;8 marzo<\/strong>, tre donne, nella Giornata della Donna, ed era anche il mio giorno libero per cui ho potuto trascorrere con loro tutta la mattinata. Quando Ana \u00e8 entrata nella stanza che le abbiamo destinato, dove c&#8217;\u00e8 il pianoforte di mio figlio musicista che vive ad Amsterdam, si \u00e8 messa subito a suonare, perch\u00e9 studia il piano, \u00e8 stato commuovente.\u00a0 E quando al parco ci siamo sedute su una panchina, le ragazze hanno notato subito che i due cestini della spazzatura pi\u00f9 vicini, erano uno azzurro e uno giallo, proprio come la bandiera ucraina&#8221;. Piccole coincidenze che sembrano segni e aiutano a ben sperare in questo compito che Nicoletta e la sua famiglia si sono assunti.<\/p>\n<p style=\"text-align: justify;\">&#8220;Sono stati la prima famiglia a inviarci la loro disponibilit\u00e0 all&#8217;e-mail che come Comune abbiamo istituito per raccogliere la disponibilit\u00e0 di posti letto. E cos\u00ec li abbiamo scelti per il primo progetto di ospitalit\u00e0 a Latina&#8221;, spiega <strong>l&#8217;assessora al Welfare Francesca Pierleoni<\/strong> che con il suo Servizio sta organizzando la rete dell&#8217;accoglienza nel capoluogo.<\/p>\n<p style=\"text-align: justify;\">Quanto alla decisione della <strong>famiglia Camilletti-Zuliani,<\/strong> dicono sia stata facile, come lo sono le cose importanti: &#8220;La guerra ci tocca nel profondo come umanit\u00e0 e noi volevamo fare qualcosa che non fosse soltanto un partecipare o tenerci informati. Cos\u00ec abbiamo colto l&#8217;appello del Comune &#8211; <strong>racconta Nicoletta su Radio Immagine<\/strong> &#8211;\u00a0 Io ho un casa con una stanza da letto in pi\u00f9, perch\u00e9 ho un figlio che vive ad Amsterdam, \u00e8 una stanza molto grande e quindi ci \u00e8 venuto spontaneo dirci: perch\u00e9 non ospitiamo noi chi ha bisogno ? Sono quelle scelte che nella vita sono importanti, e sai che vale la pena di vivere per questo e non per altro. Se bisogna stare un po&#8217; pi\u00f9 scomodi per un ideale grande che \u00e8 quello della fratellanza universale, va bene anche stare un pochino scomodi&#8221;.<\/p>\n<audio class=\"wp-audio-shortcode\" id=\"audio-307562-1\" preload=\"none\" style=\"width: 100%;\" controls=\"controls\"><source type=\"audio\/mpeg\" src=\"https:\/\/www.radioluna.it\/news\/wp-content\/uploads\/2022\/03\/nicoletta-zuliani-per-sito.mp3?_=1\" \/><a href=\"https:\/\/www.radioluna.it\/news\/wp-content\/uploads\/2022\/03\/nicoletta-zuliani-per-sito.mp3\">https:\/\/www.radioluna.it\/news\/wp-content\/uploads\/2022\/03\/nicoletta-zuliani-per-sito.mp3<\/a><\/audio>\n<p style=\"text-align: justify;\">Irina non ha atteso neanche un minuto per ringraziare la famiglia accogliente e ha pregato Nicoletta di pubblicare su Fb la sua lettera (tradotta come detto con Google Traduttore): &#8220;Il popolo italiano che ci era completamente estraneo &#8211; ha scritto &#8211;\u00a0 \u00e8 diventato in un istante i nostri salvatori e amici: gi\u00e0 all&#8217;ingresso di questo paese abbiamo sentito il sostegno agli ucraini: t\u00e8 caldo, articoli per l&#8217;igiene sono stati offerti a tutti coloro che hanno attraversato il confine. Andando a Latina, ho pianto quando pensavo di non poter trovare un alloggio, cibo caldo per i miei figli. Tuttavia, grazie a Dio, le persone con un grande cuore caldo ci hanno incontrato dal primo minuto e continuano a preoccuparsi per la nostra famiglia ogni giorno. Sentiamo il loro sostegno in tutto: nella perseveranza nell&#8217;interpretare parole a noi sconosciute, nella cura del nostro cibo e dei nostri vestiti, nell&#8217;attenzione alle nostre esperienze e preoccupazioni. Tale supporto \u00e8 commovente, perch\u00e9 eravamo in una situazione disperata e non potevamo nemmeno credere a l&#8217;aiuto di cittadini di un altro paese &#8230; ma siamo stati molto fortunati ad incontrare persone intraprendenti, gentili e aperte che sono desiderose di darci tutto, avvolgono noi e ci simpatizzano con l&#8217;attuale situazione in Ucraina. Siamo sinceramente grati a queste persone e speriamo che la guerra della Russia contro l&#8217;intero mondo civile, le cui vittime sono comuni ucraini innocenti, finisca presto e potremo tornare alle nostre case e vedere il pacifico cielo ucraino e invitare nuovi italiani amici che si uniscono a noi&#8221;.<\/p>\n<div class=\"radio-posizionamento-telefono-in-articoli-dopo-il-contenuto-articolo radio-entity-placement\" id=\"radio-2802193062\"><div id=\"radio-4153061568\"><a href=\"https:\/\/www.simeoneceramiche.com\/\" aria-label=\"SIMEONE CERAMICHE GIF animata per radioluna_Tavola disegno 1 copia 2 (online-video-cutter.com)\"><img loading=\"lazy\" decoding=\"async\" src=\"https:\/\/www.radioluna.it\/news\/wp-content\/uploads\/2025\/05\/SIMEONE-CERAMICHE-GIF-animata-per-radioluna_Tavola-disegno-1-copia-2-online-video-cutter.com_.gif\" alt=\"\"  width=\"300\" height=\"250\"   \/><\/a><\/div><\/div>","protected":false},"excerpt":{"rendered":"<p>LATINA\u00a0 &#8211; &#8220;La nostra famiglia ringrazia sinceramente le persone che oggi ci stanno aiutando ad adattarci al nostro nuovo Paese. Fuggendo dalle possibili conseguenze della guerra in corso in Ucraina, temendo costantemente per la vita dei figli, lasciando in un momento tutto ci\u00f2 che si \u00e8 guadagnato durante la vita, dobbiamo ricominciare da zero in [&hellip;]<\/p>\n","protected":false},"author":62,"featured_media":307563,"comment_status":"open","ping_status":"open","sticky":false,"template":"","format":"standard","meta":{"footnotes":""},"categories":[2310,7],"tags":[],"class_list":["post-307562","post","type-post","status-publish","format-standard","has-post-thumbnail","hentry","category-audio","category-cronaca"],"_links":{"self":[{"href":"https:\/\/www.radioluna.it\/news\/wp-json\/wp\/v2\/posts\/307562","targetHints":{"allow":["GET"]}}],"collection":[{"href":"https:\/\/www.radioluna.it\/news\/wp-json\/wp\/v2\/posts"}],"about":[{"href":"https:\/\/www.radioluna.it\/news\/wp-json\/wp\/v2\/types\/post"}],"author":[{"embeddable":true,"href":"https:\/\/www.radioluna.it\/news\/wp-json\/wp\/v2\/users\/62"}],"replies":[{"embeddable":true,"href":"https:\/\/www.radioluna.it\/news\/wp-json\/wp\/v2\/comments?post=307562"}],"version-history":[{"count":0,"href":"https:\/\/www.radioluna.it\/news\/wp-json\/wp\/v2\/posts\/307562\/revisions"}],"wp:featuredmedia":[{"embeddable":true,"href":"https:\/\/www.radioluna.it\/news\/wp-json\/wp\/v2\/media\/307563"}],"wp:attachment":[{"href":"https:\/\/www.radioluna.it\/news\/wp-json\/wp\/v2\/media?parent=307562"}],"wp:term":[{"taxonomy":"category","embeddable":true,"href":"https:\/\/www.radioluna.it\/news\/wp-json\/wp\/v2\/categories?post=307562"},{"taxonomy":"post_tag","embeddable":true,"href":"https:\/\/www.radioluna.it\/news\/wp-json\/wp\/v2\/tags?post=307562"}],"curies":[{"name":"wp","href":"https:\/\/api.w.org\/{rel}","templated":true}]}}