{"id":307571,"date":"2022-03-10T16:29:17","date_gmt":"2022-03-10T15:29:17","guid":{"rendered":"https:\/\/www.radioluna.it\/news\/?p=307571"},"modified":"2022-03-11T08:31:44","modified_gmt":"2022-03-11T07:31:44","slug":"ucraina-parte-la-raccolta-di-beni-presso-il-centro-operativo-comunale-di-latina","status":"publish","type":"post","link":"https:\/\/www.radioluna.it\/news\/2022\/03\/ucraina-parte-la-raccolta-di-beni-presso-il-centro-operativo-comunale-di-latina\/","title":{"rendered":"Ucraina, parte la raccolta di beni presso il Centro Operativo Comunale di Latina"},"content":{"rendered":"<div id=\"fb-root\"><\/div>\n<p style=\"text-align: justify;\"><strong>LATINA<\/strong> &#8211; E&#8217; arrivato dopo 14 giorni dall&#8217;inizio della guerra in Ucraina, ma finalmente \u00e8 stato attivato il canale ufficiale per l&#8217;invio di beni nel paese distrutto dalle bombe e dove manca tutto. Non pi\u00f9 solo <a href=\"https:\/\/www.radioluna.it\/news\/2022\/03\/emergenza-sanitaria-raccolta-medicinali-nelle-farmacie\/\">farmaci e bende da inviare tramite la Croce Rossa<\/a> che (anche a Latina) ha avviato una raccolta in collaborazione con Federfarma, Ordine dei Farmacisti e Farla, ma beni di prima necessit\u00e0,\u00a0 potranno trovare una destinazione anche sul territorio. Lo comunica il Comune di Latina richiamando &#8220;le ordinanze del 4 e 6 marzo 2022 emesse dal Dipartimento della Protezione civile con le quali si dispone il coinvolgimento delle strutture operative del Servizio nazionale della Protezione civile nelle attivit\u00e0 di soccorso e assistenza alla popolazione proveniente dall\u2019Ucraina&#8221;. Per questo l&#8217;Ente si accinge ad attivare, a partire dalla prossima settimana, una raccolta di beni di prima necessit\u00e0 presso i locali del Centro Operativo Comunale \u2013 COC in Via Cervone n. 2.<\/p>\n<p style=\"text-align: justify;\"><strong>CHE COSA E QUANDO SI PUO&#8217; DONARE<\/strong> &#8211; \u00c8 possibile donare due giorni a settimana, il luned\u00ec e il venerd\u00ec, nella fascia oraria dalle 15.00 alle 17.00. La tipologia di beni richiesti \u00e8: prodotti per l\u2019igiene personale, cibo in scatola come carne, tonno, legumi, zuppe, verdure (non in vetro), prodotti per bambini, pannolini, salviette igieniche, omogeneizzati. Si prega la cittadinanza di donare prodotti che non abbiano una scadenza a breve termine.<br \/>\nLimitatamente alla tipologia di beni richiesti, gli istituti scolastici e le associazioni di volontariato che stanno effettuando autonomamente le proprie raccolte possono chiedere alla Protezione civile comunale il ritiro dei beni donati scrivendo a aiutiucraina@comune.latina.it. Lo stesso indirizzo email pu\u00f2 essere utilizzato da tutta la cittadinanza per comunicare la disponibilit\u00e0 ad ospitare persone o famiglie ucraine provenienti dalla zona di guerra.<\/p>\n<p style=\"text-align: justify;\">\u00abVoglio ringraziare la comunit\u00e0 di Latina \u2013 ha dichiarato la Vice Sindaco e Assessora al Welfare Francesca Pierleoni \u2013 perch\u00e9 stiamo ricevendo tantissime comunicazioni da parte di famiglie che stanno offrendo posti letto e ospitalit\u00e0. Ad oggi i Servizi Sociali del Comune stanno assistendo circa 40 persone, di cui la met\u00e0 bambini. Fatta eccezione per una donna con due figli piccoli, ospiti di una famiglia di Latina, sono tutti a casa di parenti ucraini gi\u00e0 residenti nella nostra citt\u00e0\u00bb.<\/p>\n<p style=\"text-align: justify;\">Nel frattempo, anche <a href=\"https:\/\/www.radioluna.it\/news\/2022\/03\/emergenza-sanitaria-raccolta-medicinali-nelle-farmacie\/\">la farmacia comunale di Viale Kennedy aderisce all\u2019iniziativa di Federfarma Latina, Ordine dei farmacisti e Farla, in collaborazione la Croce Rossa Italiana<\/a>, per una raccolta di farmaci e materiale sanitario. Fino al 16 marzo sar\u00e0 possibile donare scegliendo tra i farmaci, i dispositivi medici e gli articoli sanitari indicati in due elenchi gi\u00e0 prefissati ed esposti nelle singole farmacie aderenti. Possono essere donati solo i prodotti riportati in queste due liste, in confezioni integre e con scadenza non inferiore a sei mesi.<\/p>\n<div class=\"radio-posizionamento-telefono-in-articoli-dopo-il-contenuto-articolo radio-entity-placement\" id=\"radio-220081815\"><div id=\"radio-2971308462\"><a href=\"https:\/\/grupporedi.it\/\" aria-label=\"Redi-Qr\"><img loading=\"lazy\" decoding=\"async\" src=\"https:\/\/www.radioluna.it\/news\/wp-content\/uploads\/2026\/03\/Redi-Qr.jpg\" alt=\"\"  srcset=\"https:\/\/www.radioluna.it\/news\/wp-content\/uploads\/2026\/03\/Redi-Qr.jpg 800w, https:\/\/www.radioluna.it\/news\/wp-content\/uploads\/2026\/03\/Redi-Qr-768x639.jpg 768w\" sizes=\"(max-width: 800px) 100vw, 800px\" width=\"300\" height=\"250\"   \/><\/a><\/div><\/div>","protected":false},"excerpt":{"rendered":"<p>LATINA &#8211; E&#8217; arrivato dopo 14 giorni dall&#8217;inizio della guerra in Ucraina, ma finalmente \u00e8 stato attivato il canale ufficiale per l&#8217;invio di beni nel paese distrutto dalle bombe e dove manca tutto. Non pi\u00f9 solo farmaci e bende da inviare tramite la Croce Rossa che (anche a Latina) ha avviato una raccolta in collaborazione [&hellip;]<\/p>\n","protected":false},"author":62,"featured_media":307574,"comment_status":"open","ping_status":"open","sticky":false,"template":"","format":"standard","meta":{"footnotes":""},"categories":[7,2403],"tags":[],"class_list":["post-307571","post","type-post","status-publish","format-standard","has-post-thumbnail","hentry","category-cronaca","category-le-cose-in-comune"],"_links":{"self":[{"href":"https:\/\/www.radioluna.it\/news\/wp-json\/wp\/v2\/posts\/307571","targetHints":{"allow":["GET"]}}],"collection":[{"href":"https:\/\/www.radioluna.it\/news\/wp-json\/wp\/v2\/posts"}],"about":[{"href":"https:\/\/www.radioluna.it\/news\/wp-json\/wp\/v2\/types\/post"}],"author":[{"embeddable":true,"href":"https:\/\/www.radioluna.it\/news\/wp-json\/wp\/v2\/users\/62"}],"replies":[{"embeddable":true,"href":"https:\/\/www.radioluna.it\/news\/wp-json\/wp\/v2\/comments?post=307571"}],"version-history":[{"count":0,"href":"https:\/\/www.radioluna.it\/news\/wp-json\/wp\/v2\/posts\/307571\/revisions"}],"wp:featuredmedia":[{"embeddable":true,"href":"https:\/\/www.radioluna.it\/news\/wp-json\/wp\/v2\/media\/307574"}],"wp:attachment":[{"href":"https:\/\/www.radioluna.it\/news\/wp-json\/wp\/v2\/media?parent=307571"}],"wp:term":[{"taxonomy":"category","embeddable":true,"href":"https:\/\/www.radioluna.it\/news\/wp-json\/wp\/v2\/categories?post=307571"},{"taxonomy":"post_tag","embeddable":true,"href":"https:\/\/www.radioluna.it\/news\/wp-json\/wp\/v2\/tags?post=307571"}],"curies":[{"name":"wp","href":"https:\/\/api.w.org\/{rel}","templated":true}]}}