{"id":307610,"date":"2022-03-11T08:22:00","date_gmt":"2022-03-11T07:22:00","guid":{"rendered":"https:\/\/www.radioluna.it\/news\/?p=307610"},"modified":"2022-03-15T13:41:36","modified_gmt":"2022-03-15T12:41:36","slug":"violenze-sui-sanitari-un-flash-mob-in-piazza-del-popolo","status":"publish","type":"post","link":"https:\/\/www.radioluna.it\/news\/2022\/03\/violenze-sui-sanitari-un-flash-mob-in-piazza-del-popolo\/","title":{"rendered":"Violenze sui sanitari, un flash mob in piazza del Popolo"},"content":{"rendered":"<div id=\"fb-root\"><\/div>\n<p style=\"text-align: justify;\"><strong>LATINA &#8211;\u00a0 <\/strong>La <strong>Asl di Latina<\/strong> chiama a raccolta sanitari e cittadini per un <strong>flash mob<\/strong> che si terr\u00e0 domani, sabato<strong> 12 marzo<\/strong>, alle\u00a0 11 in <strong>piazza del Popolo a Latina<\/strong> in occasione della &#8220;<strong>Giornata nazionale di educazione e prevenzione contro la violenza nei confronti degli operatori sanitari e socio-sanitari<\/strong>&#8220;. Un tema molto sentito dall&#8217;azienda di Latina che pi\u00f9 volte si \u00e8 trovata alle prese con casi di aggressione agli operatori pi\u00f9 esposti, quelli che lavorano nei pronto soccorsi, ma anche nei reparti e nei servizi. Di recente poi, sono stati i medici di medicina generale a denunciare un&#8217;escalation di comportamenti aggressivi e minacciosi, alcuni dei quali degenerati, da parte dei non vax. Contro tutto questo si manifester\u00e0 nella piazza centrale del capoluogo pontino.<\/p>\n<p style=\"text-align: justify;\">Sotto il palazzo comunale ci saranno ballerini professionisti insieme ad alcuni sanitari coordinati dal trainer Marco Ugolini e la loro performance sar\u00e0 un &#8220;no&#8221; alla violenza contro i sanitari.<\/p>\n<p style=\"text-align: justify;\">Durante la mattinata \u00e8 anche previsto un intervento della <strong>Direttrice Generale della Asl di Latina Silvia Cavalli<\/strong>\u00a0 che spiegher\u00e0 le motivazioni dell&#8217;iniziativa e il peso che il fenomeno ha anche sul territorio provinciale.\u00a0<u><\/u><\/p>\n","protected":false},"excerpt":{"rendered":"<p>LATINA &#8211;\u00a0 La Asl di Latina chiama a raccolta sanitari e cittadini per un flash mob che si terr\u00e0 domani, sabato 12 marzo, alle\u00a0 11 in piazza del Popolo a Latina in occasione della &#8220;Giornata nazionale di educazione e prevenzione contro la violenza nei confronti degli operatori sanitari e socio-sanitari&#8220;. Un tema molto sentito dall&#8217;azienda [&hellip;]<\/p>\n","protected":false},"author":62,"featured_media":307619,"comment_status":"open","ping_status":"open","sticky":false,"template":"","format":"standard","meta":{"footnotes":""},"categories":[2616],"tags":[],"class_list":["post-307610","post","type-post","status-publish","format-standard","has-post-thumbnail","hentry","category-sanita"],"_links":{"self":[{"href":"https:\/\/www.radioluna.it\/news\/wp-json\/wp\/v2\/posts\/307610","targetHints":{"allow":["GET"]}}],"collection":[{"href":"https:\/\/www.radioluna.it\/news\/wp-json\/wp\/v2\/posts"}],"about":[{"href":"https:\/\/www.radioluna.it\/news\/wp-json\/wp\/v2\/types\/post"}],"author":[{"embeddable":true,"href":"https:\/\/www.radioluna.it\/news\/wp-json\/wp\/v2\/users\/62"}],"replies":[{"embeddable":true,"href":"https:\/\/www.radioluna.it\/news\/wp-json\/wp\/v2\/comments?post=307610"}],"version-history":[{"count":0,"href":"https:\/\/www.radioluna.it\/news\/wp-json\/wp\/v2\/posts\/307610\/revisions"}],"wp:featuredmedia":[{"embeddable":true,"href":"https:\/\/www.radioluna.it\/news\/wp-json\/wp\/v2\/media\/307619"}],"wp:attachment":[{"href":"https:\/\/www.radioluna.it\/news\/wp-json\/wp\/v2\/media?parent=307610"}],"wp:term":[{"taxonomy":"category","embeddable":true,"href":"https:\/\/www.radioluna.it\/news\/wp-json\/wp\/v2\/categories?post=307610"},{"taxonomy":"post_tag","embeddable":true,"href":"https:\/\/www.radioluna.it\/news\/wp-json\/wp\/v2\/tags?post=307610"}],"curies":[{"name":"wp","href":"https:\/\/api.w.org\/{rel}","templated":true}]}}