{"id":307625,"date":"2022-03-11T09:03:33","date_gmt":"2022-03-11T08:03:33","guid":{"rendered":"https:\/\/www.radioluna.it\/news\/?p=307625"},"modified":"2022-03-14T09:57:30","modified_gmt":"2022-03-14T08:57:30","slug":"i-grandi-uomini-rinascono-alighieri-e-petrarca-rivivono-nel-romanzo-di-emanuela-caracciolo-e-maria-teresa-galante","status":"publish","type":"post","link":"https:\/\/www.radioluna.it\/news\/2022\/03\/i-grandi-uomini-rinascono-alighieri-e-petrarca-rivivono-nel-romanzo-di-emanuela-caracciolo-e-maria-teresa-galante\/","title":{"rendered":"\u201cI grandi uomini rinascono\u201d, Alighieri e Petrarca rivivono nel romanzo di Emanuela Caracciolo e Maria Teresa Galante"},"content":{"rendered":"<div id=\"fb-root\"><\/div>\n<p style=\"text-align: justify;\"><strong>LATINA &#8211; <\/strong>Far tornare in vita due tra i poeti pi\u00f9 famosi della letteratura Italiana e lasciare che le loro storie intense e delicate si intreccino per la realizzazione di una missione comune. \u00c8 l\u2019impresa compiuta ne \u201cI grandi uomini rinascono\u201d, il romanzo di Emanuela Caracciolo e Maria Teresa Galante, amiche e colleghe, di penna e di scuola. Le due autrici e insegnanti pontine tornano alla scrittura a meno di un anno di distanza dalla loro raccolta di novelle \u201cEptameron\u201d, antologia di testi suddivisa in due volumi gi\u00e0 in uso in alcune scuole della provincia di Latina.<br \/>\n\u201cI grandi uomini rinascono\u201d \u00e8 un libro da leggere tutto d&#8217;un fiato assaporando la bellezza di un passato che torna a rivivere in chiave totalmente moderna. In questo nuovo lavoro, Dante Alighieri e Francesco Petrarca sono giovani uomini che hanno parecchi nodi da sciogliere nelle loro vite personali. Le vicende legate all\u2019incontro con le due donne che cambieranno la loro vita si intrecceranno e spingeranno i due poeti a lavorare fianco a fianco, diventando un punto di riferimento per l\u2019umanit\u00e0.<br \/>\nLa prefazione del libro, capace di suscitare la curiosit\u00e0 di chi vorr\u00e0 leggerlo, \u00e8 affidata a Rino Caputo, Professore di Letteratura Italiana, Storico e Critico della Letteratura. Il romanzo edito dalla Casa editrice LFA Publisher di Napoli \u00e8 gi\u00e0 disponibile su tutti gli store online e nelle librerie.<\/p>\n","protected":false},"excerpt":{"rendered":"<p>LATINA &#8211; Far tornare in vita due tra i poeti pi\u00f9 famosi della letteratura Italiana e lasciare che le loro storie intense e delicate si intreccino per la realizzazione di una missione comune. \u00c8 l\u2019impresa compiuta ne \u201cI grandi uomini rinascono\u201d, il romanzo di Emanuela Caracciolo e Maria Teresa Galante, amiche e colleghe, di penna [&hellip;]<\/p>\n","protected":false},"author":60,"featured_media":307626,"comment_status":"open","ping_status":"open","sticky":false,"template":"","format":"standard","meta":{"footnotes":""},"categories":[15,2424],"tags":[],"class_list":["post-307625","post","type-post","status-publish","format-standard","has-post-thumbnail","hentry","category-cultura","category-i-nostri-libri"],"_links":{"self":[{"href":"https:\/\/www.radioluna.it\/news\/wp-json\/wp\/v2\/posts\/307625","targetHints":{"allow":["GET"]}}],"collection":[{"href":"https:\/\/www.radioluna.it\/news\/wp-json\/wp\/v2\/posts"}],"about":[{"href":"https:\/\/www.radioluna.it\/news\/wp-json\/wp\/v2\/types\/post"}],"author":[{"embeddable":true,"href":"https:\/\/www.radioluna.it\/news\/wp-json\/wp\/v2\/users\/60"}],"replies":[{"embeddable":true,"href":"https:\/\/www.radioluna.it\/news\/wp-json\/wp\/v2\/comments?post=307625"}],"version-history":[{"count":0,"href":"https:\/\/www.radioluna.it\/news\/wp-json\/wp\/v2\/posts\/307625\/revisions"}],"wp:featuredmedia":[{"embeddable":true,"href":"https:\/\/www.radioluna.it\/news\/wp-json\/wp\/v2\/media\/307626"}],"wp:attachment":[{"href":"https:\/\/www.radioluna.it\/news\/wp-json\/wp\/v2\/media?parent=307625"}],"wp:term":[{"taxonomy":"category","embeddable":true,"href":"https:\/\/www.radioluna.it\/news\/wp-json\/wp\/v2\/categories?post=307625"},{"taxonomy":"post_tag","embeddable":true,"href":"https:\/\/www.radioluna.it\/news\/wp-json\/wp\/v2\/tags?post=307625"}],"curies":[{"name":"wp","href":"https:\/\/api.w.org\/{rel}","templated":true}]}}