{"id":307632,"date":"2022-03-11T06:33:39","date_gmt":"2022-03-11T05:33:39","guid":{"rendered":"https:\/\/www.radioluna.it\/news\/?p=307632"},"modified":"2022-03-15T13:44:41","modified_gmt":"2022-03-15T12:44:41","slug":"caravaggio-vuole-il-concertone-del-1-maggio-votatemi","status":"publish","type":"post","link":"https:\/\/www.radioluna.it\/news\/2022\/03\/caravaggio-vuole-il-concertone-del-1-maggio-votatemi\/","title":{"rendered":"Caravaggio vuole il Concertone del 1\u00b0 Maggio: &#8220;Votatemi&#8221;"},"content":{"rendered":"<div id=\"fb-root\"><\/div>\n<p style=\"text-align: justify;\"><strong>LATINA<\/strong> &#8211; Si \u00e8 candidato a essere uno degli artisti presenti sul palco del 1\u00b0 maggio, tra le new entry scelte dal pubblico. Il cantautore di Latina Andrea Gregori, in arte Caravaggio, sta partecipando per questo al contest 1M NEXT con cui si stanno selezionando un minimo di tre artisti che verranno invitati ad esibirsi durante il Concertone di Piazza San Giovanni a Roma in diretta Tv su Rai3. Il vincitore assoluto del contest 1M NEXT, proclamato direttamente dal palco del Concertone &#8211; spiegano gli organizzatori &#8211;\u00a0 avr\u00e0 inoltre la possibilit\u00e0 di avviare una stretta collaborazione con l&#8217;organizzazione del Primo Maggio, affinch\u00e9 l\u2019esibizione in Piazza San Giovanni sia solo il principio di un importante percorso di crescita e visibilit\u00e0&#8221;.<\/p>\n<p style=\"text-align: justify;\">\u201cAdesso tocca a voi con il vostro voto\u201d, \u00e8 l\u2019invito dell\u2019artista a tutti quelli che lo vogliano sostenere. Per Caravaggio sarebbe un altro sogno realizzato dopo un periodo fortunato. <a href=\"https:\/\/1mnext.primomaggio.net\/artisti-2022\/10-caravaggio?fbclid=IwAR1VhIpjoVJiNyHnM8xtpSXwbb1tJeu6fq_qUleYr1vi9z7ueyyhPwuf5aU\">Basta un click.<\/a><\/p>\n<p style=\"text-align: justify;\">\n<div class=\"radio-posizionamento-telefono-in-articoli-dopo-il-contenuto-articolo radio-entity-placement\" id=\"radio-1326145786\"><div id=\"radio-3457768330\" style=\"width: 300px;height: 250px;\"><a href=\"https:\/\/www.icarspa.it\/auto\/usate\/latina\/\" aria-label=\"banner aprile icar new life &#8211; auto usate latina\"><img loading=\"lazy\" decoding=\"async\" src=\"https:\/\/www.radioluna.it\/news\/wp-content\/uploads\/2026\/02\/banner-aprile-icar-new-life-auto-usate-latina.gif\" alt=\"\"  width=\"300\" height=\"250\"   \/><\/a><\/div><\/div>","protected":false},"excerpt":{"rendered":"<p>LATINA &#8211; Si \u00e8 candidato a essere uno degli artisti presenti sul palco del 1\u00b0 maggio, tra le new entry scelte dal pubblico. Il cantautore di Latina Andrea Gregori, in arte Caravaggio, sta partecipando per questo al contest 1M NEXT con cui si stanno selezionando un minimo di tre artisti che verranno invitati ad esibirsi [&hellip;]<\/p>\n","protected":false},"author":62,"featured_media":307633,"comment_status":"open","ping_status":"open","sticky":false,"template":"","format":"standard","meta":{"footnotes":""},"categories":[735],"tags":[],"class_list":["post-307632","post","type-post","status-publish","format-standard","has-post-thumbnail","hentry","category-attualita"],"_links":{"self":[{"href":"https:\/\/www.radioluna.it\/news\/wp-json\/wp\/v2\/posts\/307632","targetHints":{"allow":["GET"]}}],"collection":[{"href":"https:\/\/www.radioluna.it\/news\/wp-json\/wp\/v2\/posts"}],"about":[{"href":"https:\/\/www.radioluna.it\/news\/wp-json\/wp\/v2\/types\/post"}],"author":[{"embeddable":true,"href":"https:\/\/www.radioluna.it\/news\/wp-json\/wp\/v2\/users\/62"}],"replies":[{"embeddable":true,"href":"https:\/\/www.radioluna.it\/news\/wp-json\/wp\/v2\/comments?post=307632"}],"version-history":[{"count":0,"href":"https:\/\/www.radioluna.it\/news\/wp-json\/wp\/v2\/posts\/307632\/revisions"}],"wp:featuredmedia":[{"embeddable":true,"href":"https:\/\/www.radioluna.it\/news\/wp-json\/wp\/v2\/media\/307633"}],"wp:attachment":[{"href":"https:\/\/www.radioluna.it\/news\/wp-json\/wp\/v2\/media?parent=307632"}],"wp:term":[{"taxonomy":"category","embeddable":true,"href":"https:\/\/www.radioluna.it\/news\/wp-json\/wp\/v2\/categories?post=307632"},{"taxonomy":"post_tag","embeddable":true,"href":"https:\/\/www.radioluna.it\/news\/wp-json\/wp\/v2\/tags?post=307632"}],"curies":[{"name":"wp","href":"https:\/\/api.w.org\/{rel}","templated":true}]}}