{"id":307858,"date":"2022-03-15T10:11:31","date_gmt":"2022-03-15T09:11:31","guid":{"rendered":"https:\/\/www.radioluna.it\/news\/?p=307858"},"modified":"2022-03-15T10:11:31","modified_gmt":"2022-03-15T09:11:31","slug":"contenimento-costi-energia-e-gas-acampora-in-audizione-alla-camera","status":"publish","type":"post","link":"https:\/\/www.radioluna.it\/news\/2022\/03\/contenimento-costi-energia-e-gas-acampora-in-audizione-alla-camera\/","title":{"rendered":"Contenimento costi energia e gas, Acampora in audizione alla Camera"},"content":{"rendered":"<div id=\"fb-root\"><\/div>\n<p style=\"text-align: justify;\"><strong>LATINA &#8211; <\/strong>Il presidente della Camera di Commercio Frosinone Latina Giovanni Acampora, in qualit\u00e0 di incaricato nazionale di Confcommercio per la transizione ecologica e sostenibilit\u00e0 \u00e8 intervenuto nell&#8217;audizione informale della VIII e X Commissione della Camera dei Deputati in riferimento al disegno di legge di conversione del DL N.17 del 2022 recante Misure urgenti per il contenimento dei costi dell\u2019energia elettrica e del gas naturale, per lo sviluppo delle energie rinnovabili e per il rilancio delle politiche industriali.<\/p>\n<p style=\"text-align: justify;\">Il disegno di legge, in fase di esame, intende offrire \u2013 dichiara Acampora \u2013 un\u2019ulteriore risposta significativa e concreta alle forti tensioni dei prezzi delle materie prime sui mercati internazionali che hanno fatto impennare, in questi ultimi mesi, di oltre un quarto il costo medio lordo delle forniture energetiche. Il complesso delle misure adottate \u00e8 senz\u2019altro importante anche se non ancora sufficiente a bilanciare l\u2019impatto dei rincari in bolletta per imprese e famiglie, soprattutto a seguito dell\u2019acuirsi delle tensioni internazionali derivanti dalla guerra in Ucraina.<\/p>\n<p style=\"text-align: justify;\">Il 14 febbraio, l\u2019Arera, in una memoria depositata in Senato, rilevava come i prezzi medi mensili dei mercati all&#8217;ingrosso avessero \u201cregistrato, in un anno, un aumento di quasi il 500%, per quanto riguarda il gas naturale, e del 400% circa, per l&#8217;energia elettrica, un rincaro che si \u00e8 riversato sui prezzi di vendita nel nostro Paese a partire dal secondo semestre 2021\u201d. Queste stime, oggi, sono ampiamente superate a causa dell\u2019evolversi degli eventi internazionali.<\/p>\n<p style=\"text-align: justify;\">Per le imprese, l\u2019eventuale interruzione delle forniture di gas dalla Russia, potrebbe comportare un aggravio della spesa energetica di quasi 30 miliardi di euro nel 2022.<br \/>\nUna prima fondamentale misura di contenimento\u00a0 &#8211; aggiunge Acampora &#8211; riguarda l\u2018introduzione di un contributo straordinario sotto forma di credito d\u2019imposta, a parziale compensazione degli extra costi che l&#8217;eccezionale innalzamento dei prezzi delle commodieties ha prodotto sulle imprese. L\u2019aumento del prezzo dei carburanti necessita misure di sostegno per le imprese di trasporti e logistica. Altro tema assolutamente rilevante, riguarda gli oneri generali di sistema, di cui si apprezza la diminuzione compensativa disposta per il prossimo trimestre attraverso lo stanziamento di 3 miliardi di euro; \u00e8 necessario per\u00f2 imprimere maggiore continuit\u00e0 all\u2019intervento; opportuna sarebbe una sua proroga automatica per i trimestri successivi, qualora il prezzo dell\u2019energia rimanesse su valori elevati.<\/p>\n<p style=\"text-align: justify;\">Acampora ha anche parlato della &#8220;viva necessit\u00e0 di una riforma degli oneri generali di sistema e di un loro eventuale integrale trasferimento alla fiscalit\u00e0 generale che riguardi anche la riduzione dell\u2019IVA e il peso delle accise. Le vicende di questi giorni dimostrano l\u2019importanza di valorizzare la produzione di gas nazionale, favorendo l\u2019estrazione di gas dai giacimenti italiani. L\u2019impatto sulla riduzione dei prezzi, sarebbe cospicuo e ci\u00f2 permetterebbe anche di ridurre, almeno in parte, le tensioni di mercato. Allo scopo di incentivare l\u2019indipendenza energetica del Paese, \u00e8 necessario promuovere la realizzazione di terminali di rigassificazione, snellendo le procedure amministrative che possano garantire flessibilit\u00e0 all\u2019approvvigionamento di gas da Paesi quali USA, Qatar, Australia e Canada&#8221;, sottolineando che resta ferma &#8220;l\u2019esigenza dell\u2019impulso a fonti rinnovabili, e allo sviluppo del nucleare di nuova generazione&#8221;.<\/p>\n","protected":false},"excerpt":{"rendered":"<p>LATINA &#8211; Il presidente della Camera di Commercio Frosinone Latina Giovanni Acampora, in qualit\u00e0 di incaricato nazionale di Confcommercio per la transizione ecologica e sostenibilit\u00e0 \u00e8 intervenuto nell&#8217;audizione informale della VIII e X Commissione della Camera dei Deputati in riferimento al disegno di legge di conversione del DL N.17 del 2022 recante Misure urgenti per [&hellip;]<\/p>\n","protected":false},"author":60,"featured_media":307859,"comment_status":"open","ping_status":"open","sticky":false,"template":"","format":"standard","meta":{"footnotes":""},"categories":[11],"tags":[],"class_list":["post-307858","post","type-post","status-publish","format-standard","has-post-thumbnail","hentry","category-economia"],"_links":{"self":[{"href":"https:\/\/www.radioluna.it\/news\/wp-json\/wp\/v2\/posts\/307858","targetHints":{"allow":["GET"]}}],"collection":[{"href":"https:\/\/www.radioluna.it\/news\/wp-json\/wp\/v2\/posts"}],"about":[{"href":"https:\/\/www.radioluna.it\/news\/wp-json\/wp\/v2\/types\/post"}],"author":[{"embeddable":true,"href":"https:\/\/www.radioluna.it\/news\/wp-json\/wp\/v2\/users\/60"}],"replies":[{"embeddable":true,"href":"https:\/\/www.radioluna.it\/news\/wp-json\/wp\/v2\/comments?post=307858"}],"version-history":[{"count":0,"href":"https:\/\/www.radioluna.it\/news\/wp-json\/wp\/v2\/posts\/307858\/revisions"}],"wp:featuredmedia":[{"embeddable":true,"href":"https:\/\/www.radioluna.it\/news\/wp-json\/wp\/v2\/media\/307859"}],"wp:attachment":[{"href":"https:\/\/www.radioluna.it\/news\/wp-json\/wp\/v2\/media?parent=307858"}],"wp:term":[{"taxonomy":"category","embeddable":true,"href":"https:\/\/www.radioluna.it\/news\/wp-json\/wp\/v2\/categories?post=307858"},{"taxonomy":"post_tag","embeddable":true,"href":"https:\/\/www.radioluna.it\/news\/wp-json\/wp\/v2\/tags?post=307858"}],"curies":[{"name":"wp","href":"https:\/\/api.w.org\/{rel}","templated":true}]}}