{"id":307862,"date":"2022-03-15T11:16:33","date_gmt":"2022-03-15T10:16:33","guid":{"rendered":"https:\/\/www.radioluna.it\/news\/?p=307862"},"modified":"2022-03-15T13:02:12","modified_gmt":"2022-03-15T12:02:12","slug":"covid-nuova-impennata-1225-nuovi-positivi-a-latina-e-provincia","status":"publish","type":"post","link":"https:\/\/www.radioluna.it\/news\/2022\/03\/covid-nuova-impennata-1225-nuovi-positivi-a-latina-e-provincia\/","title":{"rendered":"Covid, nuova impennata: 1225 nuovi positivi a Latina e provincia"},"content":{"rendered":"<div id=\"fb-root\"><\/div>\n<p style=\"text-align: justify;\"><strong>LATINA &#8211; <\/strong>Il covid registra una nuova impennata. Sono 1225 i nuovi casi positivi registrati a Latina e provincia nelle ultime 24 ore, 438 in pi\u00f9 rispetto a marted\u00ec scorso. La prima avvisaglia era arrivata con il dato del luned\u00ec, tradizionalmente in contrazione per il minor numero di tamponi (eseguiti la domenica): luned\u00ec scorso erano stato 286, ieri il bollettino della Asl di Latina ne riportava 329.<\/p>\n<p>Il numero pi\u00f9 elevato si registra a Latina 294, Fondi 145, seguiti da Terracina, Formia\u00a0 e Aprilia tutte con 113 casi.<\/p>\n<p style=\"text-align: justify;\">E&#8217; con ogni probabilit\u00e0 la <a href=\"https:\/\/www.radioluna.it\/news\/2022\/03\/latina-sulla-soglia-della-quarta-ondata-di-covid-si-teme-omicron-2-tamponi-allo-spallanzani\/\">variante Omicron 2<\/a> che dilaga e si fa sentire anche in provincia di Latina dove solo da poche settimane si stava registrando una decrescita.<\/p>\n<p style=\"text-align: justify;\">Il dato di oggi emerge da un numero significativo di tamponi, circa 5700 e il tasso positivi\/tamponi supera il 21%. Il totale dei contagi da inizio pandemia ad oggi in provincia di Latina \u00e8 salito a 115528.<\/p>\n<p style=\"text-align: justify;\">In Italia e anche in Europa si parla insistentemente di una quarta ondata, con una circolazione molto elevata del virus, una variante che gli esperti ritengono contagiosissima, in un momento in cui le vaccinazioni sono in stallo.<\/p>\n<p>&nbsp;<\/p>\n<div class=\"radio-posizionamento-telefono-in-articoli-dopo-il-contenuto-articolo radio-entity-placement\" id=\"radio-991463330\"><div id=\"radio-1530808358\"><a href=\"https:\/\/grupporedi.it\/\" aria-label=\"Redi-Qr\"><img loading=\"lazy\" decoding=\"async\" src=\"https:\/\/www.radioluna.it\/news\/wp-content\/uploads\/2026\/03\/Redi-Qr.jpg\" alt=\"\"  srcset=\"https:\/\/www.radioluna.it\/news\/wp-content\/uploads\/2026\/03\/Redi-Qr.jpg 800w, https:\/\/www.radioluna.it\/news\/wp-content\/uploads\/2026\/03\/Redi-Qr-768x639.jpg 768w\" sizes=\"(max-width: 800px) 100vw, 800px\" width=\"300\" height=\"250\"   \/><\/a><\/div><\/div>","protected":false},"excerpt":{"rendered":"<p>LATINA &#8211; Il covid registra una nuova impennata. Sono 1225 i nuovi casi positivi registrati a Latina e provincia nelle ultime 24 ore, 438 in pi\u00f9 rispetto a marted\u00ec scorso. La prima avvisaglia era arrivata con il dato del luned\u00ec, tradizionalmente in contrazione per il minor numero di tamponi (eseguiti la domenica): luned\u00ec scorso erano [&hellip;]<\/p>\n","protected":false},"author":62,"featured_media":307845,"comment_status":"open","ping_status":"open","sticky":false,"template":"","format":"standard","meta":{"footnotes":""},"categories":[2616],"tags":[],"class_list":["post-307862","post","type-post","status-publish","format-standard","has-post-thumbnail","hentry","category-sanita"],"_links":{"self":[{"href":"https:\/\/www.radioluna.it\/news\/wp-json\/wp\/v2\/posts\/307862","targetHints":{"allow":["GET"]}}],"collection":[{"href":"https:\/\/www.radioluna.it\/news\/wp-json\/wp\/v2\/posts"}],"about":[{"href":"https:\/\/www.radioluna.it\/news\/wp-json\/wp\/v2\/types\/post"}],"author":[{"embeddable":true,"href":"https:\/\/www.radioluna.it\/news\/wp-json\/wp\/v2\/users\/62"}],"replies":[{"embeddable":true,"href":"https:\/\/www.radioluna.it\/news\/wp-json\/wp\/v2\/comments?post=307862"}],"version-history":[{"count":0,"href":"https:\/\/www.radioluna.it\/news\/wp-json\/wp\/v2\/posts\/307862\/revisions"}],"wp:featuredmedia":[{"embeddable":true,"href":"https:\/\/www.radioluna.it\/news\/wp-json\/wp\/v2\/media\/307845"}],"wp:attachment":[{"href":"https:\/\/www.radioluna.it\/news\/wp-json\/wp\/v2\/media?parent=307862"}],"wp:term":[{"taxonomy":"category","embeddable":true,"href":"https:\/\/www.radioluna.it\/news\/wp-json\/wp\/v2\/categories?post=307862"},{"taxonomy":"post_tag","embeddable":true,"href":"https:\/\/www.radioluna.it\/news\/wp-json\/wp\/v2\/tags?post=307862"}],"curies":[{"name":"wp","href":"https:\/\/api.w.org\/{rel}","templated":true}]}}