{"id":307868,"date":"2022-03-15T12:44:20","date_gmt":"2022-03-15T11:44:20","guid":{"rendered":"https:\/\/www.radioluna.it\/news\/?p=307868"},"modified":"2022-03-16T09:26:19","modified_gmt":"2022-03-16T08:26:19","slug":"latina-sulla-soglia-della-quarta-ondata-di-covid-si-teme-omicron-2-tamponi-allo-spallanzani","status":"publish","type":"post","link":"https:\/\/www.radioluna.it\/news\/2022\/03\/latina-sulla-soglia-della-quarta-ondata-di-covid-si-teme-omicron-2-tamponi-allo-spallanzani\/","title":{"rendered":"Latina sulla soglia della quarta ondata di Covid. Si teme Omicron 2, tamponi allo Spallanzani"},"content":{"rendered":"<div id=\"fb-root\"><\/div>\n<p style=\"text-align: justify;\"><strong>LATINA &#8211;<\/strong> Con l\u2019impennata di casi di covid registrata negli ultimi giorni e oggi <a href=\"https:\/\/www.radioluna.it\/news\/2022\/03\/covid-nuova-impennata-1225-nuovi-positivi-a-latina-e-provincia\/\">(1225 nuovi casi )<\/a> e seguita ad un periodo di decrescita, \u00e8 quasi una certezza che stia dilagando anche in provincia di Latina la variante Omicron 2. Lo dir\u00e0 <strong>il risultato dei tamponi inviati allo Spallanzani<\/strong> secondo una procedura gi\u00e0 vista in passato.<\/p>\n<p style=\"text-align: justify;\">\u201cQuando vengono riscontrate situazioni sospette \u00a0&#8211; spiega<strong> Antonio Sabatucci responsabile della Uoc di Prevenzione della Asl di Latina<\/strong> &#8211; i tamponi vengono inviati allo Spallanzani per il sequenziamento e sui primi dovremmo avere i risultati nell\u2019arco di pochi giorni. \u00a0<strong>Ci aspettiamo \u00a0comunque\u00a0 un incremento della positivit\u00e0<\/strong> &#8211; aggiunge l\u2019esperto \u2013 non solo perch\u00e9 sarebbe in linea con la situazione generale che si sta verificando in Europa, ma anche perch\u00e9 questa variante porta sintomi (febbre, tosse, arrossamento agli occhi) e chi fa il tampone \u00e8 generalmente sintomatico (oggi il tasso \u00e8 salito a oltre il 21%). Se \u00e8 vero i contagi hanno ripreso a salire, dall\u2019altra parte <strong>siamo confortati dal fatto che la pressione ospedaliera si \u00e8 notevolmente alleggerita<\/strong>\u201d.<\/p>\n<p style=\"text-align: justify;\"><strong>EMERGENZA UCRAINA\u00a0<\/strong> &#8211; Sul fronte dell\u2019assistenza sanitaria agli ucraini, il punto \u00e8 stato fatto nella riunione del luned\u00ec del tavolo permanente istituito dal Prefetto Maurizio Falco dove \u00e8 emerso che in tutta la provincia<strong> sono 260 i profughi arrivati che si sono gi\u00e0 registrati in Questura. Di questi 220 hanno fatto accesso agli hub vaccinali per ottenere il tesserino di straniero temporaneamente presente (Stp) e per essere sottoposti a tampone.<\/strong><\/p>\n<p style=\"text-align: justify;\">\u201c<strong>Stiamo ora lavorando con i mediatori culturali, perch\u00e9 pochissimi di loro, e solo adulti, \u00a0si sono sottoposti alla vaccinazione contro il covid, mentre nessuno tra i bambini<\/strong>. Al punto di accesso viene fatta l\u2019anamnesi e e controllata in genere tutta la situazione vaccinale conclude Sabatucci \u2013 Sotto i 6 anni le vaccinazioni in Italia sono obbligatorie e non faremo sconti a nessuno\u201d.<\/p>\n<p style=\"text-align: justify;\">Soddisfacente l\u2019adesione alla chiamata della Asl da parte di pediatri di base. In provincia di Latina hanno aderito gi\u00e0 circa 50 pediatri che si sono resi disponibili a seguire i bambini arrivati dall\u2019Ucraina. E anche i medici di medicina generale stanno generalmente offrendo la loro disponibilit\u00e0.<\/p>\n<p style=\"text-align: justify;\"><strong>Tra i percorsi gi\u00e0 pronti ci sono poi quelli per i fragili: pazienti oncologici e i dializzati in arrivo dalle zone di guerra saranno seguiti al Goretti.<\/strong><\/p>\n","protected":false},"excerpt":{"rendered":"<p>LATINA &#8211; Con l\u2019impennata di casi di covid registrata negli ultimi giorni e oggi (1225 nuovi casi ) e seguita ad un periodo di decrescita, \u00e8 quasi una certezza che stia dilagando anche in provincia di Latina la variante Omicron 2. Lo dir\u00e0 il risultato dei tamponi inviati allo Spallanzani secondo una procedura gi\u00e0 vista [&hellip;]<\/p>\n","protected":false},"author":62,"featured_media":275158,"comment_status":"open","ping_status":"open","sticky":false,"template":"","format":"standard","meta":{"footnotes":""},"categories":[7,2616],"tags":[],"class_list":["post-307868","post","type-post","status-publish","format-standard","has-post-thumbnail","hentry","category-cronaca","category-sanita"],"_links":{"self":[{"href":"https:\/\/www.radioluna.it\/news\/wp-json\/wp\/v2\/posts\/307868","targetHints":{"allow":["GET"]}}],"collection":[{"href":"https:\/\/www.radioluna.it\/news\/wp-json\/wp\/v2\/posts"}],"about":[{"href":"https:\/\/www.radioluna.it\/news\/wp-json\/wp\/v2\/types\/post"}],"author":[{"embeddable":true,"href":"https:\/\/www.radioluna.it\/news\/wp-json\/wp\/v2\/users\/62"}],"replies":[{"embeddable":true,"href":"https:\/\/www.radioluna.it\/news\/wp-json\/wp\/v2\/comments?post=307868"}],"version-history":[{"count":0,"href":"https:\/\/www.radioluna.it\/news\/wp-json\/wp\/v2\/posts\/307868\/revisions"}],"wp:featuredmedia":[{"embeddable":true,"href":"https:\/\/www.radioluna.it\/news\/wp-json\/wp\/v2\/media\/275158"}],"wp:attachment":[{"href":"https:\/\/www.radioluna.it\/news\/wp-json\/wp\/v2\/media?parent=307868"}],"wp:term":[{"taxonomy":"category","embeddable":true,"href":"https:\/\/www.radioluna.it\/news\/wp-json\/wp\/v2\/categories?post=307868"},{"taxonomy":"post_tag","embeddable":true,"href":"https:\/\/www.radioluna.it\/news\/wp-json\/wp\/v2\/tags?post=307868"}],"curies":[{"name":"wp","href":"https:\/\/api.w.org\/{rel}","templated":true}]}}