{"id":307907,"date":"2022-03-16T09:25:46","date_gmt":"2022-03-16T08:25:46","guid":{"rendered":"https:\/\/www.radioluna.it\/news\/?p=307907"},"modified":"2022-03-23T11:59:09","modified_gmt":"2022-03-23T10:59:09","slug":"incidenti-11-mortali-da-gennaio-a-oggi-il-comandante-porroni-prevenzione-piu-importante-della-repressione","status":"publish","type":"post","link":"https:\/\/www.radioluna.it\/news\/2022\/03\/incidenti-11-mortali-da-gennaio-a-oggi-il-comandante-porroni-prevenzione-piu-importante-della-repressione\/","title":{"rendered":"Incidenti, 11 mortali da gennaio a oggi, il comandante Porroni: &#8220;Prevenzione pi\u00f9 importante della repressione&#8221;"},"content":{"rendered":"<div id=\"fb-root\"><\/div>\n<p style=\"text-align: justify;\"><strong>LATINA &#8211; Undici persone sono morte in altrettanti incidenti stradali dall\u2019inizio dell\u2019anno a oggi sulle strade della provincia di Latina.<\/strong> Cinque a gennaio, quattro a febbraio e tre soltanto nei primi quindici giorni di marzo. Un bilancio pesante per una serie cominciata sul cavalcavia della Pontina e proseguita fino all&#8217;ultimo sabato notte con il frontale sulla Migliara 45 in cui ha perso la vita Manuel Fasolilli, un 30 enne di Sezze. Molte le vittime giovani tra cui Yuri Damin, Marco Marini e Clarissa Trombin rispettivamente di 23, 22 e 21 anni. Una recrudescenza di incidenti cui non si assisteva da alcuni anni.<\/p>\n<p style=\"text-align: justify;\">&#8220;<strong>Velocit\u00e0 eccessiva e non correlata alle condizioni generali e metereologiche, mancato uso delle cinture di sicurezza, la distrazione portata dall&#8217;uso degli smart phone alla guida, restano le cause principali<\/strong> degli incidenti stradali, anche di quelli cui abbiamo assistito di recente sul nostro territorio\u00a0 &#8211; sottolinea<strong> il comandante provinciale della Polstrada di Latina, Gianluca Porroni<\/strong> &#8211; Noi della Polstrada siamo impegnati sul fronte della sensibilizzazione soprattutto dei giovani, anche nelle scuole, perch\u00e9 la consideriamo l&#8217;elemento principale. Poi viene la repressione che pure dobbiamo fare, con i controlli che attuiamo sistematicamente sulle strade&#8221;.<\/p>\n<p style=\"text-align: justify;\"><strong>E la qualit\u00e0 delle arterie sotto il profilo della manutenzione? Quanto contribuisce all&#8217;incidentalit\u00e0?<\/strong> &#8220;Abbiamo aperto un canale diretto di comunicazione con i gestori delle strade, a cominciare da Astral e Anas, ma anche con i Comuni che raccolgono le nostre segnalazioni sulle miglior\u00ece da apportare alle strade. Tanto \u00e8 stato fatto su questo fronte e tanto ancora ovviamente si pu\u00f2 fare&#8221;.<\/p>\n<p style=\"text-align: justify;\">Ne abbiamo parlato con il comandante Porroni questa mattina su <strong>Radio Immagine\u00a0<\/strong><\/p>\n<p><strong>IL PODCAST<\/strong><\/p>\n<audio class=\"wp-audio-shortcode\" id=\"audio-307907-1\" preload=\"none\" style=\"width: 100%;\" controls=\"controls\"><source type=\"audio\/mpeg\" src=\"https:\/\/www.radioluna.it\/news\/wp-content\/uploads\/2022\/03\/pOLSTRADA-PER-SITO.mp3?_=1\" \/><a href=\"https:\/\/www.radioluna.it\/news\/wp-content\/uploads\/2022\/03\/pOLSTRADA-PER-SITO.mp3\">https:\/\/www.radioluna.it\/news\/wp-content\/uploads\/2022\/03\/pOLSTRADA-PER-SITO.mp3<\/a><\/audio>\n<p>&nbsp;<\/p>\n<p>&nbsp;<\/p>\n<div class=\"radio-posizionamento-telefono-in-articoli-dopo-il-contenuto-articolo radio-entity-placement\" id=\"radio-493662461\"><div id=\"radio-626501897\"><a href=\"https:\/\/www.simeoneceramiche.com\/\" aria-label=\"SIMEONE CERAMICHE GIF animata per radioluna_Tavola disegno 1 copia 2 (online-video-cutter.com)\"><img loading=\"lazy\" decoding=\"async\" src=\"https:\/\/www.radioluna.it\/news\/wp-content\/uploads\/2025\/05\/SIMEONE-CERAMICHE-GIF-animata-per-radioluna_Tavola-disegno-1-copia-2-online-video-cutter.com_.gif\" alt=\"\"  width=\"300\" height=\"250\"   \/><\/a><\/div><\/div>","protected":false},"excerpt":{"rendered":"<p>LATINA &#8211; Undici persone sono morte in altrettanti incidenti stradali dall\u2019inizio dell\u2019anno a oggi sulle strade della provincia di Latina. Cinque a gennaio, quattro a febbraio e tre soltanto nei primi quindici giorni di marzo. Un bilancio pesante per una serie cominciata sul cavalcavia della Pontina e proseguita fino all&#8217;ultimo sabato notte con il frontale [&hellip;]<\/p>\n","protected":false},"author":62,"featured_media":276718,"comment_status":"open","ping_status":"open","sticky":false,"template":"","format":"standard","meta":{"footnotes":""},"categories":[7],"tags":[],"class_list":["post-307907","post","type-post","status-publish","format-standard","has-post-thumbnail","hentry","category-cronaca"],"_links":{"self":[{"href":"https:\/\/www.radioluna.it\/news\/wp-json\/wp\/v2\/posts\/307907","targetHints":{"allow":["GET"]}}],"collection":[{"href":"https:\/\/www.radioluna.it\/news\/wp-json\/wp\/v2\/posts"}],"about":[{"href":"https:\/\/www.radioluna.it\/news\/wp-json\/wp\/v2\/types\/post"}],"author":[{"embeddable":true,"href":"https:\/\/www.radioluna.it\/news\/wp-json\/wp\/v2\/users\/62"}],"replies":[{"embeddable":true,"href":"https:\/\/www.radioluna.it\/news\/wp-json\/wp\/v2\/comments?post=307907"}],"version-history":[{"count":0,"href":"https:\/\/www.radioluna.it\/news\/wp-json\/wp\/v2\/posts\/307907\/revisions"}],"wp:featuredmedia":[{"embeddable":true,"href":"https:\/\/www.radioluna.it\/news\/wp-json\/wp\/v2\/media\/276718"}],"wp:attachment":[{"href":"https:\/\/www.radioluna.it\/news\/wp-json\/wp\/v2\/media?parent=307907"}],"wp:term":[{"taxonomy":"category","embeddable":true,"href":"https:\/\/www.radioluna.it\/news\/wp-json\/wp\/v2\/categories?post=307907"},{"taxonomy":"post_tag","embeddable":true,"href":"https:\/\/www.radioluna.it\/news\/wp-json\/wp\/v2\/tags?post=307907"}],"curies":[{"name":"wp","href":"https:\/\/api.w.org\/{rel}","templated":true}]}}