{"id":308093,"date":"2022-03-17T19:22:43","date_gmt":"2022-03-17T18:22:43","guid":{"rendered":"https:\/\/www.radioluna.it\/news\/?p=308093"},"modified":"2022-03-17T19:22:43","modified_gmt":"2022-03-17T18:22:43","slug":"educare-alleuropa-il-progetto-partira-il-25-marzo-in-sei-scuole-di-latina","status":"publish","type":"post","link":"https:\/\/www.radioluna.it\/news\/2022\/03\/educare-alleuropa-il-progetto-partira-il-25-marzo-in-sei-scuole-di-latina\/","title":{"rendered":"Educare all&#8217;Europa, il progetto partir\u00e0 il 25 marzo in sei scuole di Latina"},"content":{"rendered":"<div id=\"fb-root\"><\/div>\n<p style=\"text-align: justify;\"><strong>LATINA &#8211;<\/strong> Si \u00e8 tenuto mercoled\u00ec 16 marzo nella sala \u201cEnzo De Pasquale\u201d del Comune di Latina, l\u2019evento di presentazione del progetto \u201cEducare all\u2019Europa. Per una nuova generazione di Europei\u201d, vincitore del bando del Consiglio regionale del Lazio rivolto alle attivit\u00e0 di promozione delle tematiche europee per l\u2019anno 2022.<\/p>\n<p style=\"text-align: justify;\">Sono intervenute in apertura l\u2019Assessora al Welfare e Vice Sindaca Francesca Pierleoni, l\u2019Assessora all\u2019Ufficio Europa e alla Transizione Ecologica Adriana Cal\u00ec e l\u2019Assessora alla Pubblica Istruzione e Cultura Laura<br \/>\nPazienti, seguite dal Presidente della Commissione Universit\u00e0, Ricerca e Programmazione Europea Francesco Pannone. Tutti hanno sottolineato l\u2019importanza della costruzione di una coscienza civica europea che passa attraverso azioni concrete e rivolte prima di tutto alla scuola, un percorso per il quale il Comune di Latina \u00e8 in prima fila. Il progetto si svolger\u00e0 in 6 scuole superiori della citt\u00e0: gli istituti \u201cGuglielmo Marconi\u201d, \u201cSan Benedetto\u201d e \u201cVittorio Veneto Salvemini\u201d e i licei \u201cManzoni\u201d, \u201cMajorana\u201d e \u201cGrassi\u201d.<\/p>\n<p style=\"text-align: justify;\">Mario Leone e Maria Gabriella Taboga, in rappresentanza rispettivamente dell\u2019Istituto di studi federalisti Altiero Spinelli e del Movimento Federalista Europeo di Latina, i due partner del Comune in questo progetto, hanno poi illustrato il programma ai docenti e dirigenti scolastici presenti. Il calendario di formazione rivolto a studenti e studentesse inizier\u00e0 il 25 marzo prossimo per concludersi il 9 maggio in occasione della Festa dell\u2019Europa. In programmazione anche una visita al Parlamento Europeo di Bruxelles grazie alla collaborazione di alcuni parlamentari, appuntamento che si terr\u00e0 entro la met\u00e0 di maggio.<\/p>\n<div class=\"radio-posizionamento-telefono-in-articoli-dopo-il-contenuto-articolo radio-entity-placement\" id=\"radio-2305475270\"><div id=\"radio-4158402761\"><a href=\"https:\/\/www.simeoneceramiche.com\/\" aria-label=\"SIMEONE CERAMICHE GIF animata per radioluna_Tavola disegno 1 copia 2 (online-video-cutter.com)\"><img loading=\"lazy\" decoding=\"async\" src=\"https:\/\/www.radioluna.it\/news\/wp-content\/uploads\/2025\/05\/SIMEONE-CERAMICHE-GIF-animata-per-radioluna_Tavola-disegno-1-copia-2-online-video-cutter.com_.gif\" alt=\"\"  width=\"300\" height=\"250\"   \/><\/a><\/div><\/div>","protected":false},"excerpt":{"rendered":"<p>LATINA &#8211; Si \u00e8 tenuto mercoled\u00ec 16 marzo nella sala \u201cEnzo De Pasquale\u201d del Comune di Latina, l\u2019evento di presentazione del progetto \u201cEducare all\u2019Europa. Per una nuova generazione di Europei\u201d, vincitore del bando del Consiglio regionale del Lazio rivolto alle attivit\u00e0 di promozione delle tematiche europee per l\u2019anno 2022. Sono intervenute in apertura l\u2019Assessora al [&hellip;]<\/p>\n","protected":false},"author":60,"featured_media":308094,"comment_status":"open","ping_status":"open","sticky":false,"template":"","format":"standard","meta":{"footnotes":""},"categories":[248],"tags":[],"class_list":["post-308093","post","type-post","status-publish","format-standard","has-post-thumbnail","hentry","category-istruzione"],"_links":{"self":[{"href":"https:\/\/www.radioluna.it\/news\/wp-json\/wp\/v2\/posts\/308093","targetHints":{"allow":["GET"]}}],"collection":[{"href":"https:\/\/www.radioluna.it\/news\/wp-json\/wp\/v2\/posts"}],"about":[{"href":"https:\/\/www.radioluna.it\/news\/wp-json\/wp\/v2\/types\/post"}],"author":[{"embeddable":true,"href":"https:\/\/www.radioluna.it\/news\/wp-json\/wp\/v2\/users\/60"}],"replies":[{"embeddable":true,"href":"https:\/\/www.radioluna.it\/news\/wp-json\/wp\/v2\/comments?post=308093"}],"version-history":[{"count":0,"href":"https:\/\/www.radioluna.it\/news\/wp-json\/wp\/v2\/posts\/308093\/revisions"}],"wp:featuredmedia":[{"embeddable":true,"href":"https:\/\/www.radioluna.it\/news\/wp-json\/wp\/v2\/media\/308094"}],"wp:attachment":[{"href":"https:\/\/www.radioluna.it\/news\/wp-json\/wp\/v2\/media?parent=308093"}],"wp:term":[{"taxonomy":"category","embeddable":true,"href":"https:\/\/www.radioluna.it\/news\/wp-json\/wp\/v2\/categories?post=308093"},{"taxonomy":"post_tag","embeddable":true,"href":"https:\/\/www.radioluna.it\/news\/wp-json\/wp\/v2\/tags?post=308093"}],"curies":[{"name":"wp","href":"https:\/\/api.w.org\/{rel}","templated":true}]}}