{"id":308145,"date":"2022-03-18T11:39:06","date_gmt":"2022-03-18T10:39:06","guid":{"rendered":"https:\/\/www.radioluna.it\/news\/?p=308145"},"modified":"2022-03-18T11:39:06","modified_gmt":"2022-03-18T10:39:06","slug":"laborat-latina-primo-bilancio-coinvolti-900-stranieri-e-200-aziende-agricole","status":"publish","type":"post","link":"https:\/\/www.radioluna.it\/news\/2022\/03\/laborat-latina-primo-bilancio-coinvolti-900-stranieri-e-200-aziende-agricole\/","title":{"rendered":"Laborat Latina, primo bilancio: &#8220;Coinvolti 900 stranieri e 200 aziende agricole&#8221;"},"content":{"rendered":"<div id=\"fb-root\"><\/div>\n<p style=\"text-align: justify;\"><strong>LATINA &#8211; <\/strong>Quasi 900 cittadini di Paesi Terzi e 200 aziende agricole raggiunti tramite gli sportelli attivati sul territorio anche grazie al lavoro con i partner sindacali, i corsi di italiano, di sicurezza sul lavoro e stradale, i percorsi formativi, di empowerment in agricoltura sociale, le attivit\u00e0 di orientamento e, ancora, i workshop rivolti alle imprese, la raccolta e il confronto con le stesse e la progettazione del marchio \u201cCaporalato Free\u201d. I punti di accesso, anche digitali, tramite il sito e l\u2019app di Laborat, gli incontri pubblici e i quindici eventi di diffusione del progetto. Questi i risultati intermedi del progetto Laborat (Latina: Agricoltura, Buona Occupazione e Rete Agricola Territoriale) presentati ieri nel corso di un evento servito a fare il punto sulla prima fase dell\u2019attivit\u00e0.<\/p>\n<p style=\"text-align: justify;\">All\u2019incontro, organizzato all\u2019hotel Europa di Latina, hanno preso parte tutti i protagonisti del progetto finanziato dal Fondo Asilo, Migrazione e Integrazione (Fami 2014-2020) e che vede come capofila\u00a0 Fislas Latina (Ente bilaterale per l\u2019agricoltura pontina costituito da organizzazioni datoriali e sindacali dei lavoratori del comparto agricolo del territorio) e i cui partner progettuali sono, oltre a Saip Formazione, la Coldiretti Latina, l\u2019Agia \u2013 Associazioni Giovani Imprenditori Agricoli di Latina, la Confagricoltura Latina, la Cgil Frosinone-Latina, la Cisl Latina, la Uil Lazio.<\/p>\n<p style=\"text-align: justify;\">Tra i relatori oltre al presidente di Fislas Latina Mauro D\u2019Arcangeli, Elisa De Fina rappresentante dell\u2019Autorit\u00e0 Delegata Fami \u2013 Dg Immigrazione del Ministero del Lavoro e delle Politiche Sociali, Elda Zofrea AT di Anpal Servizi e i professori Stefano Boffo e Francesco Gagliardi di La.Ser., soggetto affidatario della ricerca-azione.<\/p>\n<p style=\"text-align: justify;\">\u201cSi tratta \u2013 ha affermato Mauro D\u2019Arcangeli durante il suo intervento \u2013 di cifre importanti che andranno ad incrementarsi soprattutto perch\u00e9 il progetto Laborat prosegue spedito verso gli obiettivi finali. E\u2019 stata una giornata importante \u2013 ha affermato ancora D\u2019Arcangeli &#8211; perch\u00e9 il mondo agricolo al completo continua a dare un segnale di unit\u00e0, a ribadire la volont\u00e0 di entrare nel cuore dei problemi e lo fa in un momento in cui tutti, imprese, lavoratori ma anche gli stessi consumatori finali, sono schiacciati da costi insostenibili e da un sistema che merita una considerazione maggiore perch\u00e9, non va mai dimenticato, traina l\u2019economia di questo territorio e dell\u2019intero Paese. Laborat va avanti \u2013 ha concluso D\u2019Arcangeli \u2013 verso risultati che speriamo di presentare presto e che saranno un punto di arrivo importante per la provincia di Latina e per il nostro comparto ma costituiranno anche e soprattutto una ripartenza perch\u00e9 quello che sappiamo gi\u00e0 \u00e8 che siamo pronti a mettere in atto tutte le azioni utili per supportare il mondo del lavoro collegato al comparto agricolo e con esso tutti gli aspetti sociali che lo caratterizzano e che sono elemento essenziale di crescita e sviluppo, non solo economico\u201d.<\/p>\n<p style=\"text-align: justify;\">La giornata di confronto \u00e8 poi proseguita con una tavola rotonda dedicata agli argomenti legati alle attivit\u00e0 di studio del progetto Laborat a cui hanno preso parte i rappresentanti delle organizzazioni agricole e datoriali partner del progetto, tra i relatori: Giuseppe Napoletano di Agia Latina, Enrico Mirabelli di Coldiretti Latina, Daniela Salvador di Confagricoltura Latina, Giovanni Gioia della Cgil di Frosinone e Latina, Roberto Cecere della Cisl di Latina, Luigi Garullo della Uil di Latina, le conclusioni sono state affidate al professor Francesco Carchedi, sociologo e docente dell\u2019Universit\u00e0 La Sapienza di Roma.<\/p>\n<p style=\"text-align: justify;\">\n","protected":false},"excerpt":{"rendered":"<p>LATINA &#8211; Quasi 900 cittadini di Paesi Terzi e 200 aziende agricole raggiunti tramite gli sportelli attivati sul territorio anche grazie al lavoro con i partner sindacali, i corsi di italiano, di sicurezza sul lavoro e stradale, i percorsi formativi, di empowerment in agricoltura sociale, le attivit\u00e0 di orientamento e, ancora, i workshop rivolti alle [&hellip;]<\/p>\n","protected":false},"author":60,"featured_media":280576,"comment_status":"open","ping_status":"open","sticky":false,"template":"","format":"standard","meta":{"footnotes":""},"categories":[11],"tags":[],"class_list":["post-308145","post","type-post","status-publish","format-standard","has-post-thumbnail","hentry","category-economia"],"_links":{"self":[{"href":"https:\/\/www.radioluna.it\/news\/wp-json\/wp\/v2\/posts\/308145","targetHints":{"allow":["GET"]}}],"collection":[{"href":"https:\/\/www.radioluna.it\/news\/wp-json\/wp\/v2\/posts"}],"about":[{"href":"https:\/\/www.radioluna.it\/news\/wp-json\/wp\/v2\/types\/post"}],"author":[{"embeddable":true,"href":"https:\/\/www.radioluna.it\/news\/wp-json\/wp\/v2\/users\/60"}],"replies":[{"embeddable":true,"href":"https:\/\/www.radioluna.it\/news\/wp-json\/wp\/v2\/comments?post=308145"}],"version-history":[{"count":0,"href":"https:\/\/www.radioluna.it\/news\/wp-json\/wp\/v2\/posts\/308145\/revisions"}],"wp:featuredmedia":[{"embeddable":true,"href":"https:\/\/www.radioluna.it\/news\/wp-json\/wp\/v2\/media\/280576"}],"wp:attachment":[{"href":"https:\/\/www.radioluna.it\/news\/wp-json\/wp\/v2\/media?parent=308145"}],"wp:term":[{"taxonomy":"category","embeddable":true,"href":"https:\/\/www.radioluna.it\/news\/wp-json\/wp\/v2\/categories?post=308145"},{"taxonomy":"post_tag","embeddable":true,"href":"https:\/\/www.radioluna.it\/news\/wp-json\/wp\/v2\/tags?post=308145"}],"curies":[{"name":"wp","href":"https:\/\/api.w.org\/{rel}","templated":true}]}}